{"id":23915,"date":"2015-04-21T16:37:06","date_gmt":"2015-04-21T21:37:06","guid":{"rendered":"http:\/\/contraluzcucuta.co\/?p=23915"},"modified":"2015-04-23T19:49:11","modified_gmt":"2015-04-24T00:49:11","slug":"justicia-transicional-entre-abrazos-se-cumplio-entrega-de-predio-en-cucuta","status":"publish","type":"post","link":"https:\/\/contraluzcucuta.co\/?p=23915","title":{"rendered":"JUSTICIA TRANSICIONAL. Entre abrazos se cumpli\u00f3 entrega de predio en C\u00facuta"},"content":{"rendered":"<p><strong>C\u00daCUTA<\/strong>.-. La \u00faltima vez que los hermanos Osorio* pisaron el suelo de la que fuera su casa en un barrio al noroccidente de C\u00facuta, lo hicieron en medio de l\u00e1grimas de dolor por el desplazamiento, producto de la desaforada violencia que sobre ellos se hab\u00eda cernido.<\/p>\n<p>Era el 2003, y hac\u00eda al menos tres a\u00f1os que los hermanos sufr\u00edan lo m\u00e1s cruento del conflicto armado. El accionar de grupos armados que operaban en la capital de Norte de Santander los hab\u00eda dejado hu\u00e9rfanos como consecuencia del asesinato de los padres. Responsables, integrantes de las Autodefensas Unidas de Colombia (Auc).<\/p>\n<p>El asecho lleg\u00f3 al punto de sufrir la explosi\u00f3n de un petardo dejado junto al inmueble, lo que llev\u00f3 a los hermanos Mar\u00eda y Rub\u00e9n, entonces menores de edad, a dejar la propiedad y, bajo presi\u00f3n, recibir un precio irrisorio.<\/p>\n<p>Los hechos narrados por Mar\u00eda, como solicitante de restituci\u00f3n de tierras, fueron corroborados en el 2011, cuando Jorge Iv\u00e1n Laverde, alias \u2018El Iguano\u2019, excomandante del frente Fronteras del Bloque Catatumbo de las Auc, reconoci\u00f3 los hechos dentro de las versiones libres que los postulados a la Ley de Justicia y Paz rinden ante la justicia.<\/p>\n<p>Tras el desplazamiento a que se vieron abocados, los hermanos vivieron a\u00f1os fuera de C\u00facuta, confinados a una situaci\u00f3n de detrimento patrimonial y moral que repercuti\u00f3 en la calidad de vida al persistir el despojo y el dolor por la tragedia sufrida.<\/p>\n<p>Luego de acogerse a los beneficios de la Ley 1448 de 2011, y tras cursar el tr\u00e1mite en busca del reconocimiento como v\u00edctimas con derecho a la restituci\u00f3n, el fallo emitido hace unos meses manifiesta que: \u201cEn el proceso obra prueba fidedigna y sumaria de que el negocio realizado y el mismo que se debate sobre el inmueble objeto de restituci\u00f3n, se constituy\u00f3 en un claro despojo jur\u00eddico y material, por cuanto para que operara fue ejercida presi\u00f3n en la propietaria no solo para que firmara una promesa de compraventa, sino que despu\u00e9s de pag\u00e1rsele de manera parcial el precio pactado fue presionada para que transfiriera el inmueble a persona distinta, es decir, al hoy opositor, con quien no tuvo trato ni pact\u00f3 las condiciones del negocio jur\u00eddico despoj\u00e1ndola as\u00ed del predio sin siquiera cancelarle el saldo del precio debido\u201d.<\/p>\n<p>Hoy, 12 a\u00f1os despu\u00e9s de los hechos, en medio de un fraternal abrazo y entre l\u00e1grimas, esta vez reflejo de alegr\u00eda y esperanza, el par de hermanos y sus familiares recibieron de manos de la Unidad de Restituci\u00f3n de Tierras las llaves que les restituye el derecho sobre el bien despojado. Sin palabras, los Osorio expresaron lo que la justicia significa para quienes cre\u00edan haberlo perdido todo.<\/p>\n<p>*Nombres cambiado por seguridad<\/p>\n<p><strong>Foto: @URestitucion<\/strong><\/p>\n<p><strong>\u00a0<\/strong><\/p>\n<p>&nbsp;<\/p>\n<p>&nbsp;<\/p>\n<p>&nbsp; <\/p>\n","protected":false},"excerpt":{"rendered":"<p>C\u00daCUTA.-. La \u00faltima vez que los hermanos Osorio* pisaron el suelo de la que fuera su casa en un barrio al noroccidente de C\u00facuta, lo hicieron en medio de l\u00e1grimas de dolor por el desplazamiento, producto de la desaforada violencia que sobre ellos se hab\u00eda cernido. Era el 2003, y hac\u00eda al menos tres a\u00f1os &hellip;<\/p>\n","protected":false},"author":1,"featured_media":23916,"comment_status":"open","ping_status":"open","sticky":false,"template":"","format":"standard","meta":{"footnotes":""},"categories":[5,36],"tags":[669],"class_list":["post-23915","post","type-post","status-publish","format-standard","has-post-thumbnail","hentry","category-justicia-transicional","category-la-voz-del-pueblo","tag-restitucion-de-tierras-en-norte-de-santander"],"_links":{"self":[{"href":"https:\/\/contraluzcucuta.co\/index.php?rest_route=\/wp\/v2\/posts\/23915","targetHints":{"allow":["GET"]}}],"collection":[{"href":"https:\/\/contraluzcucuta.co\/index.php?rest_route=\/wp\/v2\/posts"}],"about":[{"href":"https:\/\/contraluzcucuta.co\/index.php?rest_route=\/wp\/v2\/types\/post"}],"author":[{"embeddable":true,"href":"https:\/\/contraluzcucuta.co\/index.php?rest_route=\/wp\/v2\/users\/1"}],"replies":[{"embeddable":true,"href":"https:\/\/contraluzcucuta.co\/index.php?rest_route=%2Fwp%2Fv2%2Fcomments&post=23915"}],"version-history":[{"count":1,"href":"https:\/\/contraluzcucuta.co\/index.php?rest_route=\/wp\/v2\/posts\/23915\/revisions"}],"predecessor-version":[{"id":23917,"href":"https:\/\/contraluzcucuta.co\/index.php?rest_route=\/wp\/v2\/posts\/23915\/revisions\/23917"}],"wp:featuredmedia":[{"embeddable":true,"href":"https:\/\/contraluzcucuta.co\/index.php?rest_route=\/wp\/v2\/media\/23916"}],"wp:attachment":[{"href":"https:\/\/contraluzcucuta.co\/index.php?rest_route=%2Fwp%2Fv2%2Fmedia&parent=23915"}],"wp:term":[{"taxonomy":"category","embeddable":true,"href":"https:\/\/contraluzcucuta.co\/index.php?rest_route=%2Fwp%2Fv2%2Fcategories&post=23915"},{"taxonomy":"post_tag","embeddable":true,"href":"https:\/\/contraluzcucuta.co\/index.php?rest_route=%2Fwp%2Fv2%2Ftags&post=23915"}],"curies":[{"name":"wp","href":"https:\/\/api.w.org\/{rel}","templated":true}]}}