{"id":23905,"date":"2015-04-21T15:45:44","date_gmt":"2015-04-21T20:45:44","guid":{"rendered":"http:\/\/contraluzcucuta.co\/?p=23905"},"modified":"2015-04-21T15:45:44","modified_gmt":"2015-04-21T20:45:44","slug":"campana-a-la-alcaldia-legalizacion-de-predios-sera-una-realidad-luna","status":"publish","type":"post","link":"https:\/\/contraluzcucuta.co\/?p=23905","title":{"rendered":"CAMPA\u00d1A A LA ALCALD\u00cdA. Legalizaci\u00f3n de predios ser\u00e1 una realidad: Luna"},"content":{"rendered":"<p><strong>C\u00daCUTA.-<\/strong> Cientos de predios de las ciudadelas Juan Atalaya y La Libertad no cuentan con t\u00edtulos de propiedad a pesar de tener hasta 20 a\u00f1os de posesi\u00f3n. Esta situaci\u00f3n genera incertidumbre entre los due\u00f1os y limita el acceso a cr\u00e9ditos.<\/p>\n<p>Un programa de legalizaci\u00f3n y titulaci\u00f3n de predios p\u00fablicos y privados, cofinanciado con recursos nacionales y recursos propios, garantizar\u00e1 el patrimonio de cientos de familias cucute\u00f1as que s\u00f3lo cuentan con posesi\u00f3n de terrenos.<\/p>\n<p>El candidato a la alcald\u00eda de C\u00facuta, Carlos Luna, propone la firma de convenios interadministrativos con el Instituto Geogr\u00e1fico Agust\u00edn Codazzi y los ministerios de Medio Ambiente, Comercio, Industria y Turismo, y del Interior para dar soluci\u00f3n a las familias que cuentan con posesi\u00f3n de vivienda en predios p\u00fablicos. En terrenos privados se plantea el cruce de cuentas con los propietarios que adeuden impuestos al municipio durante los \u00faltimos cinco a\u00f1os.<\/p>\n<p>\u201cLa gente debe tener la escritura de los predios. Las comunidades solas no cuentan con los mecanismos para negociar con los propietarios, ah\u00ed entra el respaldo institucional de la Alcald\u00eda ofreciendo garant\u00edas que han sido esquivas hasta el momento\u201d, dijo el candidato por los partidos Liberal y de la U. El anuncio lo hizo durante la reuni\u00f3n en la cancha de Chapinero.<\/p>\n<p>En el acto el senador Manuel Guillermo Mora, los representantes a la c\u00e1mara Neftal\u00ed Santos y Wilmer Carrillo, los ex precandidatos a la Alcald\u00eda Gregorio Angarita y Pedro Dur\u00e1n, el diputado Pedro Mora y los dirigentes Guillermo Le\u00f3n, Marina Lozano y Luis Alfonso Mej\u00eda ratificaron el respaldo a la f\u00f3rmula William Villamizar \u2013 Carlos Luna. Invitaron a los cucute\u00f1os a pensar en \u2018Soluciones Reales\u2019 para la regi\u00f3n.<\/p>\n<p><strong>Foto: PRENSA CAMPA\u00d1A<\/strong><\/p>\n<p>&nbsp; <\/p>\n","protected":false},"excerpt":{"rendered":"<p>C\u00daCUTA.- Cientos de predios de las ciudadelas Juan Atalaya y La Libertad no cuentan con t\u00edtulos de propiedad a pesar de tener hasta 20 a\u00f1os de posesi\u00f3n. Esta situaci\u00f3n genera incertidumbre entre los due\u00f1os y limita el acceso a cr\u00e9ditos. Un programa de legalizaci\u00f3n y titulaci\u00f3n de predios p\u00fablicos y privados, cofinanciado con recursos nacionales &hellip;<\/p>\n","protected":false},"author":1,"featured_media":23906,"comment_status":"open","ping_status":"open","sticky":false,"template":"","format":"standard","meta":{"footnotes":""},"categories":[403],"tags":[2174,1592],"class_list":["post-23905","post","type-post","status-publish","format-standard","has-post-thumbnail","hentry","category-efemerides","tag-campana-a-la-alcaldia-de-cucuta","tag-carlos-luna"],"_links":{"self":[{"href":"https:\/\/contraluzcucuta.co\/index.php?rest_route=\/wp\/v2\/posts\/23905","targetHints":{"allow":["GET"]}}],"collection":[{"href":"https:\/\/contraluzcucuta.co\/index.php?rest_route=\/wp\/v2\/posts"}],"about":[{"href":"https:\/\/contraluzcucuta.co\/index.php?rest_route=\/wp\/v2\/types\/post"}],"author":[{"embeddable":true,"href":"https:\/\/contraluzcucuta.co\/index.php?rest_route=\/wp\/v2\/users\/1"}],"replies":[{"embeddable":true,"href":"https:\/\/contraluzcucuta.co\/index.php?rest_route=%2Fwp%2Fv2%2Fcomments&post=23905"}],"version-history":[{"count":1,"href":"https:\/\/contraluzcucuta.co\/index.php?rest_route=\/wp\/v2\/posts\/23905\/revisions"}],"predecessor-version":[{"id":23907,"href":"https:\/\/contraluzcucuta.co\/index.php?rest_route=\/wp\/v2\/posts\/23905\/revisions\/23907"}],"wp:featuredmedia":[{"embeddable":true,"href":"https:\/\/contraluzcucuta.co\/index.php?rest_route=\/wp\/v2\/media\/23906"}],"wp:attachment":[{"href":"https:\/\/contraluzcucuta.co\/index.php?rest_route=%2Fwp%2Fv2%2Fmedia&parent=23905"}],"wp:term":[{"taxonomy":"category","embeddable":true,"href":"https:\/\/contraluzcucuta.co\/index.php?rest_route=%2Fwp%2Fv2%2Fcategories&post=23905"},{"taxonomy":"post_tag","embeddable":true,"href":"https:\/\/contraluzcucuta.co\/index.php?rest_route=%2Fwp%2Fv2%2Ftags&post=23905"}],"curies":[{"name":"wp","href":"https:\/\/api.w.org\/{rel}","templated":true}]}}