{"id":23876,"date":"2015-04-16T21:53:55","date_gmt":"2015-04-17T02:53:55","guid":{"rendered":"http:\/\/contraluzcucuta.co\/?p=23876"},"modified":"2015-04-21T18:00:17","modified_gmt":"2015-04-21T23:00:17","slug":"notas-al-margen-lo-binacional-requiere-un-replanteamiento","status":"publish","type":"post","link":"https:\/\/contraluzcucuta.co\/?p=23876","title":{"rendered":"NOTAS AL MARGEN. Lo binacional requiere un replanteamiento"},"content":{"rendered":"<p>1.- Mientras\u00a0 no se valore, lo que significa y representa la frontera com\u00fan entre Colombia y Venezuela, y en especial ,el \u00e1rea central, donde existen m\u00faltiples factores de convergencia e interrelaci\u00f3n, que se pueden transformar en mayores\u00a0 nudos articulares de integraci\u00f3n, el desenvolvimiento de la zona binacional, continuar\u00e1 en la pasividad actual y sin la vitalidad y proyecci\u00f3n que podr\u00eda otorgarle, un aut\u00e9ntico y ejemplarizante proceso de acercamiento\u00a0 y fortalecimiento de las mutuas ventajas comparativas, que no se est\u00e1n utilizando, dada\u00a0 la indiferencia y desgano existentes, en el hallazgo de f\u00f3rmulas y soluciones, que solo pueden surgir cuando se sucedan encuentros y entendimientos mutuos y transformadores, que superen, esta etapa de vac\u00edos, llena adem\u00e1s, de :\u00a0 temores y sobresaltos, por las detenciones, los cierres a la libre circulaci\u00f3n fronteriza y el impactante deterioro en los movimientos y\u00a0 acciones econ\u00f3micas, con sus obvias repercusiones, en lo social y pol\u00edtico. Y, porque es en lo humano, donde debemos hallar los puntos de convergencia\u00a0\u00a0 , insistimos y perseveramos en el empe\u00f1o, no obstante reconocer, que hay tropiezos y dificultades.<\/p>\n<p>2.- Y, hay que darle atenci\u00f3n a esta situaci\u00f3n, porque todos los intentos hacia unas m\u00e1s positivas vivencias, requieren y con exigencia clara u determinante, de una gesti\u00f3n institucional, que de manera consecuente y apropiada, act\u00fae y canalice esfuerzos, hacia ese cambio y transformaci\u00f3n que a gritos y demostraciones de creciente informalidad, desempleo y desolaci\u00f3n, se capta por todas partes, bajo los anuncios, que en centenares de negocio ,advierten que hay una semi par\u00e1lisis y por ello, la repetida expresi\u00f3n de : Se Vende, se arrienda o de considerables descuentos, que son signos evidentes, de una enorme inestabilidad operacional.<\/p>\n<p>Por eso no es equivocado, no constituye una posici\u00f3n ilusa, la convocatoria a una acci\u00f3n m\u00e1s resuelta y compartida para que la regi\u00f3n y zona fronteriza binacional, actu\u00e9 de manera m\u00e1s acorde, sobre lo que se debe hacer y el c\u00f3mo lograrlo y ponerlo en marcha. Y, citando, siempre a la uni\u00f3n, y al trabajo en equipo, a los m\u00e1s representativos y\u00a0 capaces y a los que quieren superar el letargo, por un futuro mejor.<\/p>\n<p>3.-Quienes por afecto y plena convicci\u00f3n de las posibilidades existentes, propiciamos acercamientos y visiones realistas y de perspectiva, vivamente ansiamos, que esos contactos y aproximaciones\u00a0\u00a0 se consoliden y trasciendan a lo nacional, para que los centros de uno y otro Estado y pa\u00eds, pulsen las opciones y favorabilidades que una gesti\u00f3n de interrelaci\u00f3n y mancomunidad binacional fronteriza, puede generarse entre nosotros\u00a0 y\u00a0 no solo en favor\u00a0 de un mayor beneficio colectivo, sino de una m\u00e1s vigorosa presencia y participaci\u00f3n internacional ,en este despertar de Am\u00e9rica Latina.<\/p>\n<p>Parques\u00a0 Industriales y Tecnol\u00f3gicos ,con Zonas Francas Especializadas, m\u00e1s una Zona Aduanera, que bien reglamentada, impulse a las maquiladoras, constituir\u00eda, con : Incentivos, Est\u00edmulos y Mecanismos que den cabida a verdaderas y transformadoras pol\u00edticas de Estado y dirigidos a la creaci\u00f3n de empleo, la\u00a0 capacitaci\u00f3n , investigaci\u00f3n e\u00a0 innovaci\u00f3n, permitir\u00edan :\u00a0 una noci\u00f3n distinta de vida y una dedicaci\u00f3n m\u00e1s acorde y acertada, hacia lo que podemos cumplir en : mejoramiento\u00a0 infraestructural, servicios\u00a0 y concertaciones de modernizaci\u00f3n. Por eso y porque con perseverancia, lo podemos conseguir, es necesario templar el esp\u00edritu y no decaer en la intenci\u00f3n, ni en las metas. Y, los de aqu\u00ed y los de all\u00e1 &#8211; s\u00ed de lado y lado &#8211; tenemos que reunirnos y\u00a0 trabajar armoniosamente y en equipo. Porque, debemos plantear, sustentar y promover\u00a0 soluciones respaldadas, ante los entes nacionales.<\/p>\n<p><strong>Jos\u00e9 Neira Rey<\/strong><\/p>\n<p><strong>jneirarey @hotmail.com<\/strong><\/p>\n<p><strong>\u00a0<\/strong> <\/p>\n","protected":false},"excerpt":{"rendered":"<p>1.- Mientras\u00a0 no se valore, lo que significa y representa la frontera com\u00fan entre Colombia y Venezuela, y en especial ,el \u00e1rea central, donde existen m\u00faltiples factores de convergencia e interrelaci\u00f3n, que se pueden transformar en mayores\u00a0 nudos articulares de integraci\u00f3n, el desenvolvimiento de la zona binacional, continuar\u00e1 en la pasividad actual y sin la &hellip;<\/p>\n","protected":false},"author":1,"featured_media":23877,"comment_status":"open","ping_status":"open","sticky":false,"template":"","format":"standard","meta":{"footnotes":""},"categories":[14,6],"tags":[382,956],"class_list":["post-23876","post","type-post","status-publish","format-standard","has-post-thumbnail","hentry","category-articulistas","category-ojo-avizor","tag-jose-neira","tag-notas-al-margen"],"_links":{"self":[{"href":"https:\/\/contraluzcucuta.co\/index.php?rest_route=\/wp\/v2\/posts\/23876","targetHints":{"allow":["GET"]}}],"collection":[{"href":"https:\/\/contraluzcucuta.co\/index.php?rest_route=\/wp\/v2\/posts"}],"about":[{"href":"https:\/\/contraluzcucuta.co\/index.php?rest_route=\/wp\/v2\/types\/post"}],"author":[{"embeddable":true,"href":"https:\/\/contraluzcucuta.co\/index.php?rest_route=\/wp\/v2\/users\/1"}],"replies":[{"embeddable":true,"href":"https:\/\/contraluzcucuta.co\/index.php?rest_route=%2Fwp%2Fv2%2Fcomments&post=23876"}],"version-history":[{"count":1,"href":"https:\/\/contraluzcucuta.co\/index.php?rest_route=\/wp\/v2\/posts\/23876\/revisions"}],"predecessor-version":[{"id":23878,"href":"https:\/\/contraluzcucuta.co\/index.php?rest_route=\/wp\/v2\/posts\/23876\/revisions\/23878"}],"wp:featuredmedia":[{"embeddable":true,"href":"https:\/\/contraluzcucuta.co\/index.php?rest_route=\/wp\/v2\/media\/23877"}],"wp:attachment":[{"href":"https:\/\/contraluzcucuta.co\/index.php?rest_route=%2Fwp%2Fv2%2Fmedia&parent=23876"}],"wp:term":[{"taxonomy":"category","embeddable":true,"href":"https:\/\/contraluzcucuta.co\/index.php?rest_route=%2Fwp%2Fv2%2Fcategories&post=23876"},{"taxonomy":"post_tag","embeddable":true,"href":"https:\/\/contraluzcucuta.co\/index.php?rest_route=%2Fwp%2Fv2%2Ftags&post=23876"}],"curies":[{"name":"wp","href":"https:\/\/api.w.org\/{rel}","templated":true}]}}