{"id":23873,"date":"2015-04-16T21:43:11","date_gmt":"2015-04-17T02:43:11","guid":{"rendered":"http:\/\/contraluzcucuta.co\/?p=23873"},"modified":"2015-04-18T11:30:56","modified_gmt":"2015-04-18T16:30:56","slug":"foro-de-ciclismo-plataforma-para-masificar-la-bicicleta-en-cucuta","status":"publish","type":"post","link":"https:\/\/contraluzcucuta.co\/?p=23873","title":{"rendered":"FORO DE CICLISMO. Plataforma para masificar la bicicleta en C\u00facuta"},"content":{"rendered":"<p><strong>C\u00daCUTA.-<\/strong> Doscientos enamorados de la bicicleta se congregaron en C\u00facuta con el fin de conocer y aportar a la idea de masificar el uso de este medio de trasporte \u00a0en la ciudad. El primer Foro de Ciclismo Urbano, auspiciado por la Alcald\u00eda, tuvo como sede al Teatro Municipal.<\/p>\n<p>La reuni\u00f3n, que forma parte de la programaci\u00f3n de la Semana de la Bicicleta, abord\u00f3 los siguientes asuntos:<\/p>\n<p>1.- Normatividad exclusiva para ciclistas urbanos<\/p>\n<p>2.- Concepci\u00f3n y alcances de\u00a0 la Comisi\u00f3n de Ciclismo Urbano<\/p>\n<p>3.- El ciclismo urbano en Latinoam\u00e9rica y el Caribe<\/p>\n<p>4.- \u2018Biciudades\u2019<\/p>\n<p>5.- Pasos que se han dado para implementar la bicicleta como trasporte alternativo en C\u00facuta.<\/p>\n<p>Las exposiciones estuvieron a cargo de Javier Ardila, secretario de Tr\u00e1nsito Municipal; Alfonso Sanabria, presidente de la Comisi\u00f3n de Ciclismo Urbano (CCU), Luis Castiblanco, miembro de la CCU, y Manuel Giraldo, de la Polic\u00eda de Tr\u00e1nsito.<\/p>\n<p>Los asistentes salieron motivaron lograr que C\u00facuta sea una ciudad con movilidad para bicicletas. El \u00c1rea Metropolitana cuenta con los recursos para el Plan Metropolitano de Ciclo-rutas y se gestiona la construcci\u00f3n del primer tramo.<\/p>\n<p>El presidente de la CCU destac\u00f3 el coincidir con cucute\u00f1os que tienen diferentes puntos de vista sobre el ciclismo. El foro sirvi\u00f3 para encontrar un punto en com\u00fan y jalonar desde diferentes esquinas el uso de la bicicleta como medio de trasporte.<\/p>\n<p>\u201cCreo que existe, por parte de la sociedad cucute\u00f1a, una buena receptividad para implementar la bicicleta\u201d, dijo Sanabria. Destac\u00f3 la asistencia de estudiantes de arquitectura y de otras carreras, y los avances de un proyecto de estas caracter\u00edsticas.<\/p>\n<p>Otra de las acciones para masificar la bicicleta, divulgada durante el Foro, es la implementaci\u00f3n del Plan Experimental del primer Bici-carril. El 20 de abril, a partir de las 6:00 de la ma\u00f1ana, se abrir\u00e1 el tramo de la calle 10 entre las avenidas 0 y 6. La demarcaci\u00f3n se har\u00e1 en unos sectores con conos y en otros con pintura sobre el pavimento.<\/p>\n<p>Los secretarios de Tr\u00e1nsito de Los Patios y Villa del Rosario participaron el Foro, junto a estudiantes y colectivos de ciclistas.<\/p>\n<p>En otras de las actividades correspondientes a la Semana de la Bicicleta, m\u00e1s de mil ciclistas recreativos participaron en la primera ciclov\u00eda nocturna, organizada por el Instituto Municipal para la Recreaci\u00f3n y el Deporte (IMRD). A lo largo de los 4 kil\u00f3metros de El Malec\u00f3n, de 7:00 a 9:00 de la noche, se cumpli\u00f3 la programaci\u00f3n.<\/p>\n<p>Foto: PRENSA ALCALD\u00cdA DE C\u00daCUTA <\/p>\n","protected":false},"excerpt":{"rendered":"<p>C\u00daCUTA.- Doscientos enamorados de la bicicleta se congregaron en C\u00facuta con el fin de conocer y aportar a la idea de masificar el uso de este medio de trasporte \u00a0en la ciudad. El primer Foro de Ciclismo Urbano, auspiciado por la Alcald\u00eda, tuvo como sede al Teatro Municipal. La reuni\u00f3n, que forma parte de la &hellip;<\/p>\n","protected":false},"author":1,"featured_media":23874,"comment_status":"open","ping_status":"open","sticky":false,"template":"","format":"standard","meta":{"footnotes":""},"categories":[28],"tags":[2169,2153],"class_list":["post-23873","post","type-post","status-publish","format-standard","has-post-thumbnail","hentry","category-vistazo-deportivo","tag-foro-sobre-ciclismo-en-cucuta","tag-semana-de-la-bicicleta-en-cucuta"],"_links":{"self":[{"href":"https:\/\/contraluzcucuta.co\/index.php?rest_route=\/wp\/v2\/posts\/23873","targetHints":{"allow":["GET"]}}],"collection":[{"href":"https:\/\/contraluzcucuta.co\/index.php?rest_route=\/wp\/v2\/posts"}],"about":[{"href":"https:\/\/contraluzcucuta.co\/index.php?rest_route=\/wp\/v2\/types\/post"}],"author":[{"embeddable":true,"href":"https:\/\/contraluzcucuta.co\/index.php?rest_route=\/wp\/v2\/users\/1"}],"replies":[{"embeddable":true,"href":"https:\/\/contraluzcucuta.co\/index.php?rest_route=%2Fwp%2Fv2%2Fcomments&post=23873"}],"version-history":[{"count":1,"href":"https:\/\/contraluzcucuta.co\/index.php?rest_route=\/wp\/v2\/posts\/23873\/revisions"}],"predecessor-version":[{"id":23875,"href":"https:\/\/contraluzcucuta.co\/index.php?rest_route=\/wp\/v2\/posts\/23873\/revisions\/23875"}],"wp:featuredmedia":[{"embeddable":true,"href":"https:\/\/contraluzcucuta.co\/index.php?rest_route=\/wp\/v2\/media\/23874"}],"wp:attachment":[{"href":"https:\/\/contraluzcucuta.co\/index.php?rest_route=%2Fwp%2Fv2%2Fmedia&parent=23873"}],"wp:term":[{"taxonomy":"category","embeddable":true,"href":"https:\/\/contraluzcucuta.co\/index.php?rest_route=%2Fwp%2Fv2%2Fcategories&post=23873"},{"taxonomy":"post_tag","embeddable":true,"href":"https:\/\/contraluzcucuta.co\/index.php?rest_route=%2Fwp%2Fv2%2Ftags&post=23873"}],"curies":[{"name":"wp","href":"https:\/\/api.w.org\/{rel}","templated":true}]}}