{"id":23869,"date":"2015-04-16T21:24:01","date_gmt":"2015-04-17T02:24:01","guid":{"rendered":"http:\/\/contraluzcucuta.co\/?p=23869"},"modified":"2015-04-16T21:24:01","modified_gmt":"2015-04-17T02:24:01","slug":"crisis-en-venezuela-diario-la-nacion-se-reduce-por-falta-de-papel","status":"publish","type":"post","link":"https:\/\/contraluzcucuta.co\/?p=23869","title":{"rendered":"CRISIS EN VENEZUELA. Diario La Naci\u00f3n se reduce por falta de papel"},"content":{"rendered":"<p>El diario La Naci\u00f3n, de San Crist\u00f3bal (Venezuela), con 46 a\u00f1os de circulaci\u00f3n en el occidente del pa\u00eds, anunci\u00f3 en comunicado otro reajuste en la paginaci\u00f3n diaria.<\/p>\n<p>Omaira Labrador, directora general del rotativo, indic\u00f3 que salen con 18 p\u00e1ginas y que habr\u00e1 d\u00edas en que posiblemente sean 12 p\u00e1ginas.<\/p>\n<p>\u201cAhorrar al m\u00e1ximo: informaciones m\u00e1s peque\u00f1as, no se publicar\u00e1n reportajes grandes, se unificar\u00e1n algunas secciones, Opini\u00f3n bajar\u00e1 a su m\u00ednima expresi\u00f3n; ese tipo de ahorro es el que tenemos contemplado hasta el momento\u201d, se\u00f1al\u00f3 Labrador. Aclar\u00f3 que no piensan hacer cambios en el formato del rotativo.<\/p>\n<p>El comunicado indica que en las \u00faltimas semanas el papel suministrado por la empresa proveedora no es en la cantidad acordada ni requerida para que el peri\u00f3dico contin\u00fae imprimi\u00e9ndose como en los \u00faltimos meses.<\/p>\n<p>\u201cDiario La Naci\u00f3n espera que esta coyuntura de recorte en el env\u00edo del papel peri\u00f3dico sea pasajera y en poco tiempo podamos volver a la normalidad en la compaginaci\u00f3n. Como lo hemos hecho durante 2014, nos comprometemos a continuar suministrando el mayor n\u00famero de informaciones que se dan en el plano regional, nacional e internacional con el profesionalismo y el apego a la veracidad y pluralidad demostrado hasta ahora\u201d, dice el documento.<\/p>\n<p>La falta de papel peri\u00f3dico condujo a que La Naci\u00f3n bajara de cuatro a tres cuerpos, y luego a dos.<\/p>\n<p><strong>Fuente: El Nacional.<\/strong><\/p>\n<p><strong>V\u00eda: Prensa CNP Caracas<\/strong><\/p>\n<p><strong>Foto: giz-img.blogspot.com<\/strong><\/p>\n<p><strong>\u00a0<\/strong> <\/p>\n","protected":false},"excerpt":{"rendered":"<p>El diario La Naci\u00f3n, de San Crist\u00f3bal (Venezuela), con 46 a\u00f1os de circulaci\u00f3n en el occidente del pa\u00eds, anunci\u00f3 en comunicado otro reajuste en la paginaci\u00f3n diaria. Omaira Labrador, directora general del rotativo, indic\u00f3 que salen con 18 p\u00e1ginas y que habr\u00e1 d\u00edas en que posiblemente sean 12 p\u00e1ginas. \u201cAhorrar al m\u00e1ximo: informaciones m\u00e1s peque\u00f1as, &hellip;<\/p>\n","protected":false},"author":1,"featured_media":23870,"comment_status":"open","ping_status":"open","sticky":false,"template":"","format":"standard","meta":{"footnotes":""},"categories":[1326,4],"tags":[1164,1645],"class_list":["post-23869","post","type-post","status-publish","format-standard","has-post-thumbnail","hentry","category-crisis-en-venezuela-2","category-barra","tag-crisis-en-venezuela","tag-diario-la-nacion"],"_links":{"self":[{"href":"https:\/\/contraluzcucuta.co\/index.php?rest_route=\/wp\/v2\/posts\/23869","targetHints":{"allow":["GET"]}}],"collection":[{"href":"https:\/\/contraluzcucuta.co\/index.php?rest_route=\/wp\/v2\/posts"}],"about":[{"href":"https:\/\/contraluzcucuta.co\/index.php?rest_route=\/wp\/v2\/types\/post"}],"author":[{"embeddable":true,"href":"https:\/\/contraluzcucuta.co\/index.php?rest_route=\/wp\/v2\/users\/1"}],"replies":[{"embeddable":true,"href":"https:\/\/contraluzcucuta.co\/index.php?rest_route=%2Fwp%2Fv2%2Fcomments&post=23869"}],"version-history":[{"count":1,"href":"https:\/\/contraluzcucuta.co\/index.php?rest_route=\/wp\/v2\/posts\/23869\/revisions"}],"predecessor-version":[{"id":23871,"href":"https:\/\/contraluzcucuta.co\/index.php?rest_route=\/wp\/v2\/posts\/23869\/revisions\/23871"}],"wp:featuredmedia":[{"embeddable":true,"href":"https:\/\/contraluzcucuta.co\/index.php?rest_route=\/wp\/v2\/media\/23870"}],"wp:attachment":[{"href":"https:\/\/contraluzcucuta.co\/index.php?rest_route=%2Fwp%2Fv2%2Fmedia&parent=23869"}],"wp:term":[{"taxonomy":"category","embeddable":true,"href":"https:\/\/contraluzcucuta.co\/index.php?rest_route=%2Fwp%2Fv2%2Fcategories&post=23869"},{"taxonomy":"post_tag","embeddable":true,"href":"https:\/\/contraluzcucuta.co\/index.php?rest_route=%2Fwp%2Fv2%2Ftags&post=23869"}],"curies":[{"name":"wp","href":"https:\/\/api.w.org\/{rel}","templated":true}]}}