{"id":23865,"date":"2015-04-14T20:59:40","date_gmt":"2015-04-15T01:59:40","guid":{"rendered":"http:\/\/contraluzcucuta.co\/?p=23865"},"modified":"2015-04-16T22:19:54","modified_gmt":"2015-04-17T03:19:54","slug":"atentado-en-hacari-otra-version-de-los-hechos","status":"publish","type":"post","link":"https:\/\/contraluzcucuta.co\/?p=23865","title":{"rendered":"ATENTADO EN HACAR\u00cd: Otra versi\u00f3n de los hechos"},"content":{"rendered":"<p><strong>HACAR\u00cd \u2013 Norte de Santander.-<\/strong> En la vereda Guayabal, cerca al casco urbano de Hacar\u00ed (Norte de Santander), ocho habitantes resultaron heridos al caer una granada de fusil en el patio de la finca El Espejo. El hecho ocurri\u00f3 a la \u00a01:15 de la tarde, del 8 de abril.<\/p>\n<p>Los heridos hacen parte de una familia. Entre los lesionados hay dos menores de edad de 6 y 15 a\u00f1os. Igualmente, resultaron heridos tres hermanos de 27, 24 y 18 a\u00f1os y reportados con heridas de gravedad por lo que fueron trasladados a Oca\u00f1a.<\/p>\n<p>Habitantes de la vereda se\u00f1alaron que lo sucedido fue ocasionado por Unidades del Batall\u00f3n Santander del Ej\u00e9rcito, luego de un combate contra insurgentes. El enfrentamiento comenz\u00f3 a las 11:30 de la ma\u00f1ana.<\/p>\n<p>El Equipo Jur\u00eddico Pueblos, la Asociaci\u00f3n Colombiana de Abogados Defensores de Derechos Humanos (Acadehum) y el Congreso de los Pueblos formularon un llamado urgente a las instituciones del Estado encargadas de velar por los derechos humanos y a la comunidad nacional e internacional para que intervengan de manera oportuna ante este hecho que constituye una delicada vulneraci\u00f3n al principio de distinci\u00f3n y grave violaci\u00f3n a los derechos humanos.<\/p>\n<p>&nbsp; <\/p>\n","protected":false},"excerpt":{"rendered":"<p>HACAR\u00cd \u2013 Norte de Santander.- En la vereda Guayabal, cerca al casco urbano de Hacar\u00ed (Norte de Santander), ocho habitantes resultaron heridos al caer una granada de fusil en el patio de la finca El Espejo. El hecho ocurri\u00f3 a la \u00a01:15 de la tarde, del 8 de abril. Los heridos hacen parte de una &hellip;<\/p>\n","protected":false},"author":1,"featured_media":23866,"comment_status":"open","ping_status":"open","sticky":false,"template":"","format":"standard","meta":{"footnotes":""},"categories":[11,32],"tags":[2167,2165,2168,299,2166],"class_list":["post-23865","post","type-post","status-publish","format-standard","has-post-thumbnail","hentry","category-cronica-roja","category-recorrido-por-la-region","tag-acadehum","tag-atentado-en-hacari","tag-congreso-de-los-pueblos","tag-ejercito-de-colombia","tag-equipo-juridico-pueblos"],"_links":{"self":[{"href":"https:\/\/contraluzcucuta.co\/index.php?rest_route=\/wp\/v2\/posts\/23865","targetHints":{"allow":["GET"]}}],"collection":[{"href":"https:\/\/contraluzcucuta.co\/index.php?rest_route=\/wp\/v2\/posts"}],"about":[{"href":"https:\/\/contraluzcucuta.co\/index.php?rest_route=\/wp\/v2\/types\/post"}],"author":[{"embeddable":true,"href":"https:\/\/contraluzcucuta.co\/index.php?rest_route=\/wp\/v2\/users\/1"}],"replies":[{"embeddable":true,"href":"https:\/\/contraluzcucuta.co\/index.php?rest_route=%2Fwp%2Fv2%2Fcomments&post=23865"}],"version-history":[{"count":1,"href":"https:\/\/contraluzcucuta.co\/index.php?rest_route=\/wp\/v2\/posts\/23865\/revisions"}],"predecessor-version":[{"id":23867,"href":"https:\/\/contraluzcucuta.co\/index.php?rest_route=\/wp\/v2\/posts\/23865\/revisions\/23867"}],"wp:featuredmedia":[{"embeddable":true,"href":"https:\/\/contraluzcucuta.co\/index.php?rest_route=\/wp\/v2\/media\/23866"}],"wp:attachment":[{"href":"https:\/\/contraluzcucuta.co\/index.php?rest_route=%2Fwp%2Fv2%2Fmedia&parent=23865"}],"wp:term":[{"taxonomy":"category","embeddable":true,"href":"https:\/\/contraluzcucuta.co\/index.php?rest_route=%2Fwp%2Fv2%2Fcategories&post=23865"},{"taxonomy":"post_tag","embeddable":true,"href":"https:\/\/contraluzcucuta.co\/index.php?rest_route=%2Fwp%2Fv2%2Ftags&post=23865"}],"curies":[{"name":"wp","href":"https:\/\/api.w.org\/{rel}","templated":true}]}}