{"id":23860,"date":"2015-04-14T20:30:56","date_gmt":"2015-04-15T01:30:56","guid":{"rendered":"http:\/\/contraluzcucuta.co\/?p=23860"},"modified":"2015-04-16T22:19:16","modified_gmt":"2015-04-17T03:19:16","slug":"clasica-ciclistica-edwin-sandoval-ganador-de-la-primera-etapa-y-lider","status":"publish","type":"post","link":"https:\/\/contraluzcucuta.co\/?p=23860","title":{"rendered":"CL\u00c1SICA CICL\u00cdSTICA. Edwin Sandoval, ganador de la primera etapa y l\u00edder"},"content":{"rendered":"<p><strong>C\u00daCUTA.-<\/strong> El pedalista Edwin Sandoval, del equipo S\u00faper Giros (Valle del Cauca), alz\u00f3 los brazos en la l\u00ednea de llegada en se\u00f1al de victoria de la primera etapa de la Cl\u00e1sica Cicl\u00edstica del Gran Santander. M\u00e1s de 110 corredores tomaron la largada frente al parque Santander, de C\u00facuta.<\/p>\n<p>Las escuadras EPM-UNE, Aguardiente Antioque\u00f1o, Fomers\u00e1n-Bogot\u00e1 Humana, Gobernaci\u00f3n de Norte de Santander \u2013 Alcald\u00eda de C\u00facuta, Loter\u00eda de Boyac\u00e1, Gobernaci\u00f3n de Santander, Movistar Team Am\u00e9rica y la Selecci\u00f3n de Costa Rica compiten por los t\u00edtulos individuales y de grupo.<\/p>\n<p>Los ciclistas rodaron por las principales calles cucute\u00f1as hasta completar 10 giros, que sumaron \u00a0los primeros 90 kil\u00f3metros de competencia. El trazado, verificado por las autoridades de la carrera,\u00a0 no present\u00f3 obst\u00e1culos. El ganador emple\u00f3 2 horas 9 minutos y 50 segundos.<\/p>\n<p>La seguridad estuvo a cargo de \u00a0Tr\u00e1nsito Municipal y la Polic\u00eda Metropolitana, que pusieron al servicio de aficionados y deportistas los agentes para garantizar el orden y buen desarrollo de la carrera.<\/p>\n<p>Completaron el cuadro de honor en la meta, Diego Ochoa, del Movistar Team Am\u00e9rica, quien ocup\u00f3 el segundo lugar, y Juan Pablo Su\u00e1rez, de EPM-UNE, en la tercera casilla.<\/p>\n<p>La segunda etapa de la Vuelta al Gran Santander parte este mi\u00e9rcoles rumbo a Pamplona. La salida ser\u00e1 en la glorieta de la Terminal de Transporte, a las 10:00 de la ma\u00f1ana, y llegar\u00e1 al Cerro de Cristo Rey.<\/p>\n<p>La cl\u00e1sica coincide con la Semana de la Bicicleta, un prop\u00f3sito de la administraci\u00f3n municipal, que busca institucionalizar la bicicleta como medio de trasporte alternativo para los cucute\u00f1os.<\/p>\n<p>El ciclista Edwin Sandoval recibi\u00f3 del alcalde Donamaris Ram\u00edrez la casaca que lo distingue como el ganador de la primera etapa de la Vuelta del Gran Santander. Tambi\u00e9n, portar\u00e1 la camiseta de l\u00edder de la competencia.<\/p>\n<p><strong>Foto: PRENSA ALCALD\u00cdA DE C\u00daCUTA<\/strong><\/p>\n<p>&nbsp;<\/p>\n<p>&nbsp;<\/p>\n<p>&nbsp;<\/p>\n<p>&nbsp;<\/p>\n<p>&nbsp; <\/p>\n","protected":false},"excerpt":{"rendered":"<p>C\u00daCUTA.- El pedalista Edwin Sandoval, del equipo S\u00faper Giros (Valle del Cauca), alz\u00f3 los brazos en la l\u00ednea de llegada en se\u00f1al de victoria de la primera etapa de la Cl\u00e1sica Cicl\u00edstica del Gran Santander. M\u00e1s de 110 corredores tomaron la largada frente al parque Santander, de C\u00facuta. Las escuadras EPM-UNE, Aguardiente Antioque\u00f1o, Fomers\u00e1n-Bogot\u00e1 Humana, &hellip;<\/p>\n","protected":false},"author":1,"featured_media":23862,"comment_status":"open","ping_status":"open","sticky":false,"template":"","format":"standard","meta":{"footnotes":""},"categories":[28],"tags":[2154,2164],"class_list":["post-23860","post","type-post","status-publish","format-standard","has-post-thumbnail","hentry","category-vistazo-deportivo","tag-clasica-ciclistica-del-gran-santander","tag-edwin-sandoval"],"_links":{"self":[{"href":"https:\/\/contraluzcucuta.co\/index.php?rest_route=\/wp\/v2\/posts\/23860","targetHints":{"allow":["GET"]}}],"collection":[{"href":"https:\/\/contraluzcucuta.co\/index.php?rest_route=\/wp\/v2\/posts"}],"about":[{"href":"https:\/\/contraluzcucuta.co\/index.php?rest_route=\/wp\/v2\/types\/post"}],"author":[{"embeddable":true,"href":"https:\/\/contraluzcucuta.co\/index.php?rest_route=\/wp\/v2\/users\/1"}],"replies":[{"embeddable":true,"href":"https:\/\/contraluzcucuta.co\/index.php?rest_route=%2Fwp%2Fv2%2Fcomments&post=23860"}],"version-history":[{"count":1,"href":"https:\/\/contraluzcucuta.co\/index.php?rest_route=\/wp\/v2\/posts\/23860\/revisions"}],"predecessor-version":[{"id":23863,"href":"https:\/\/contraluzcucuta.co\/index.php?rest_route=\/wp\/v2\/posts\/23860\/revisions\/23863"}],"wp:featuredmedia":[{"embeddable":true,"href":"https:\/\/contraluzcucuta.co\/index.php?rest_route=\/wp\/v2\/media\/23862"}],"wp:attachment":[{"href":"https:\/\/contraluzcucuta.co\/index.php?rest_route=%2Fwp%2Fv2%2Fmedia&parent=23860"}],"wp:term":[{"taxonomy":"category","embeddable":true,"href":"https:\/\/contraluzcucuta.co\/index.php?rest_route=%2Fwp%2Fv2%2Fcategories&post=23860"},{"taxonomy":"post_tag","embeddable":true,"href":"https:\/\/contraluzcucuta.co\/index.php?rest_route=%2Fwp%2Fv2%2Ftags&post=23860"}],"curies":[{"name":"wp","href":"https:\/\/api.w.org\/{rel}","templated":true}]}}