{"id":23857,"date":"2015-04-14T19:07:19","date_gmt":"2015-04-15T00:07:19","guid":{"rendered":"http:\/\/contraluzcucuta.co\/?p=23857"},"modified":"2015-04-16T21:47:31","modified_gmt":"2015-04-17T02:47:31","slug":"crisis-en-venezuela-correo-del-caroni-cambia-a-tabloide-por-falta-de-papel","status":"publish","type":"post","link":"https:\/\/contraluzcucuta.co\/?p=23857","title":{"rendered":"CRISIS EN VENEZUELA. Correo del Caron\u00ed cambia a tabloide por falta de papel"},"content":{"rendered":"<p>El peri\u00f3dico regional Correo del Caron\u00ed inform\u00f3, mediante comunicado en la p\u00e1gina web, que por primera vez en 37 a\u00f1os circular\u00e1 en otro formato debido a la crisis de papel que viven los impresos de Venezuela. El 6 de enero de 2014, el peri\u00f3dico sufri\u00f3 una reducci\u00f3n\u00a0 a ocho p\u00e1ginas que permiti\u00f3 alargar la materia prima hasta el 10 de abril.<\/p>\n<p>Este es el comunicado publicado:<\/p>\n<p>Correo del Caron\u00ed informa que a partir del lunes 13 de abril de 2015 circular\u00e1 por primera vez en 37 a\u00f1os de trayectoria period\u00edstica con un formato diferente (tama\u00f1o tabloide) debido a la crisis de suministro de papel que afecta a Venezuela desde comienzos de 2014.<\/p>\n<p>La edici\u00f3n impresa de este diario ha sufrido importantes recortes a ra\u00edz de la escasez de papel que tuvo su origen en el discrecional manejo de las divisas por parte del Ejecutivo nacional y la consiguiente modificaci\u00f3n de la comercializaci\u00f3n de este insumo para favorecer la concentraci\u00f3n en manos del Estado.<\/p>\n<p>Recientemente, la organizaci\u00f3n Instituto Prensa y Sociedad (IPYS) -Cap\u00edtulo Venezuela- abord\u00f3 otra arista del problema que atraviesan los medios independientes con la publicaci\u00f3n de dos reportajes\u00a0 period\u00edsticos\u00a0 que dan cuenta de c\u00f3mo el Estado venezolano utiliza -de manera discrecional- la publicidad oficial con la intenci\u00f3n de condicionar el periodismo.<\/p>\n<p>La reducci\u00f3n de la edici\u00f3n impresa a un cuerpo de ocho p\u00e1ginas que se implement\u00f3 el 6 de enero de 2014 permiti\u00f3 prolongar las reservas de bobinas de 25 pulgadas (tama\u00f1o est\u00e1ndar), hasta el pasado viernes 10 de abril de 2015.<\/p>\n<p>Ahora nos vemos obligados a migrar al formato tabloide para garantizar nuestra circulaci\u00f3n y la independencia editorial que genera molestias en un sector gubernamental y las redes de corrupci\u00f3n tanto p\u00fablicas como privadas.<\/p>\n<p>Destacamos la posici\u00f3n com\u00fan, acordada por la directiva y la redacci\u00f3n de este medio, de no realizar gesti\u00f3n alguna que limite o condicione la libertad de expresi\u00f3n y el derecho a la informaci\u00f3n de la gente.<\/p>\n<p>El pueblo de Guayana y de Venezuela ha tenido y tendr\u00e1 siempre esta tribuna para expresar sus opiniones, canalizar sus denuncias y ejercer sin miedo ni mediatizaciones la defensa de los derechos humanos y democr\u00e1ticos.<\/p>\n<p>Correo del Caron\u00ed ratifica el compromiso hist\u00f3rico de ensalzar la dignidad del ser humano como m\u00e1xima que rige su accionar period\u00edstico, siempre en favor del bienestar social.<\/p>\n<p>En Correo del Caron\u00ed asumimos esta coyuntura como un tiempo propicio para continuar con el desarrollo de una plataforma digital que se ha convertido, en poco tiempo, en un portal de oportunidades para una ciudadan\u00eda que demanda y exige informaci\u00f3n apegada a la realidad sin privaciones del poder.<\/p>\n<p>Fuente: El Nacional.<\/p>\n<p>V\u00eda: Prensa CNP Caracas.<\/p>\n<p>Foto:\u00a0<a class=\"_ZR irc_hol\" style=\"color: #7d7d7d;\" href=\"https:\/\/www.google.com.co\/url?sa=i&amp;rct=j&amp;q=&amp;esrc=s&amp;source=images&amp;cd=&amp;cad=rja&amp;uact=8&amp;ved=0CAYQjB0&amp;url=http%3A%2F%2Fwww.noticias24.com%2Fvenezuela%2Fnoticia%2F114164%2Fcorreo-del-caroni-%25E2%2580%259C35-anos-informando-libremente-y-sin-negociar-convenios-con-ningun-gobierno%25E2%2580%259D%2F&amp;ei=kqstVb35JsPesAWRnoBo&amp;bvm=bv.90790515,d.cWc&amp;psig=AFQjCNHU96dtAbA-MnP-rE5lv1QgUhb_hw&amp;ust=1429142795206621\" data-ved=\"0CAYQjB0\" data-href=\"http:\/\/www.noticias24.com\/venezuela\/noticia\/114164\/correo-del-caroni-%E2%80%9C35-anos-informando-libremente-y-sin-negociar-convenios-con-ningun-gobierno%E2%80%9D\/\"><span class=\"irc_ho\" dir=\"ltr\" style=\"color: #7d7d7d;\">www.noticias24.com<\/span><\/a> <\/p>\n","protected":false},"excerpt":{"rendered":"<p>El peri\u00f3dico regional Correo del Caron\u00ed inform\u00f3, mediante comunicado en la p\u00e1gina web, que por primera vez en 37 a\u00f1os circular\u00e1 en otro formato debido a la crisis de papel que viven los impresos de Venezuela. El 6 de enero de 2014, el peri\u00f3dico sufri\u00f3 una reducci\u00f3n\u00a0 a ocho p\u00e1ginas que permiti\u00f3 alargar la materia &hellip;<\/p>\n","protected":false},"author":1,"featured_media":23858,"comment_status":"open","ping_status":"open","sticky":false,"template":"","format":"standard","meta":{"footnotes":""},"categories":[1326,6],"tags":[2162,1164,2163],"class_list":["post-23857","post","type-post","status-publish","format-standard","has-post-thumbnail","hentry","category-crisis-en-venezuela-2","category-ojo-avizor","tag-correo-del-caroni","tag-crisis-en-venezuela","tag-instituto-prensa-y-sociedad-ipys"],"_links":{"self":[{"href":"https:\/\/contraluzcucuta.co\/index.php?rest_route=\/wp\/v2\/posts\/23857","targetHints":{"allow":["GET"]}}],"collection":[{"href":"https:\/\/contraluzcucuta.co\/index.php?rest_route=\/wp\/v2\/posts"}],"about":[{"href":"https:\/\/contraluzcucuta.co\/index.php?rest_route=\/wp\/v2\/types\/post"}],"author":[{"embeddable":true,"href":"https:\/\/contraluzcucuta.co\/index.php?rest_route=\/wp\/v2\/users\/1"}],"replies":[{"embeddable":true,"href":"https:\/\/contraluzcucuta.co\/index.php?rest_route=%2Fwp%2Fv2%2Fcomments&post=23857"}],"version-history":[{"count":1,"href":"https:\/\/contraluzcucuta.co\/index.php?rest_route=\/wp\/v2\/posts\/23857\/revisions"}],"predecessor-version":[{"id":23859,"href":"https:\/\/contraluzcucuta.co\/index.php?rest_route=\/wp\/v2\/posts\/23857\/revisions\/23859"}],"wp:featuredmedia":[{"embeddable":true,"href":"https:\/\/contraluzcucuta.co\/index.php?rest_route=\/wp\/v2\/media\/23858"}],"wp:attachment":[{"href":"https:\/\/contraluzcucuta.co\/index.php?rest_route=%2Fwp%2Fv2%2Fmedia&parent=23857"}],"wp:term":[{"taxonomy":"category","embeddable":true,"href":"https:\/\/contraluzcucuta.co\/index.php?rest_route=%2Fwp%2Fv2%2Fcategories&post=23857"},{"taxonomy":"post_tag","embeddable":true,"href":"https:\/\/contraluzcucuta.co\/index.php?rest_route=%2Fwp%2Fv2%2Ftags&post=23857"}],"curies":[{"name":"wp","href":"https:\/\/api.w.org\/{rel}","templated":true}]}}