{"id":23848,"date":"2015-04-16T21:28:02","date_gmt":"2015-04-17T02:28:02","guid":{"rendered":"http:\/\/contraluzcucuta.co\/?p=23848"},"modified":"2015-04-16T21:56:39","modified_gmt":"2015-04-17T02:56:39","slug":"monsenor-vidal-megateo-tiene-que-reaccionar-y-entrar-al-proceso-de-paz-2","status":"publish","type":"post","link":"https:\/\/contraluzcucuta.co\/?p=23848","title":{"rendered":"MONSE\u00d1OR VIDAL. \u2018Megateo\u2019 tiene que reaccionar y entrar al proceso de paz"},"content":{"rendered":"<p><strong>C\u00daCUTA.-<\/strong> \u2018Megateo\u2019, l\u00edder de un grupo al margen de la Ley en El Catatumbo, \u201ctiene que reaccionar\u201d y entrar en el proceso de paz que se adelanta en Colombia. La invitaci\u00f3n la hizo monse\u00f1or Julio C\u00e9sar Vidal Ortiz, a pesar de que no lo conoce. \u201cHe o\u00eddo poco de \u00e9l\u201d, dijo el obispo de C\u00facuta, y lo calific\u00f3 como \u201cun personaje\u201d en Norte de Santander.<\/p>\n<p>El pastor cat\u00f3lico se refiri\u00f3 a la importancia de adelantar acercamientos con los grupos ilegales. \u201cCreo que habr\u00eda que invitar tambi\u00e9n a \u2018Megateo\u2019\u2026 para que entre en este proceso de buscarle una salida\u201d al conflicto. Pidi\u00f3 al Gobierno que le abra las puertas para que encuentre espacios para reconciliarse consigo, con las comunidades y con el pa\u00eds.<\/p>\n<p>El Obispo reiter\u00f3 el llamado a cesar las acciones violentas en el departamento y se refiri\u00f3 a los hechos ocurridos en la \u00faltima semana en el corregimiento Banco de Arena (C\u00facuta). En el ataque a la patrulla de carabineros perdieron la vida tres polic\u00edas. En otra acci\u00f3n, en la base militar de Hacar\u00ed, resultaron heridos ocho miembros de una familia.<\/p>\n<p>Monse\u00f1or Vidal pidi\u00f3 frenar estos actos de violencia que \u201cno dejan sino llanto, pobreza, destrucci\u00f3n\u201d. Se mostr\u00f3 preocupado por la reactivaci\u00f3n de los atentados, m\u00e1xime cuando en el pa\u00eds se tiene la esperanza de la firma del tratado de paz en La Habana (Cuba).<\/p>\n<p>\u201cEstas situaciones crean pesimismo\u201d, afirm\u00f3 el jerarca de la Iglesia e invit\u00f3 a los violentos, de cualquier grupo, para que cesen en su acci\u00f3n. \u201cEsto no crea sino dolor\u201d, enfatiz\u00f3.<\/p>\n<p>Norte de Santander ha sido un departamento golpeado por la violencia, que ha dejado muchas v\u00edctimas y desplazados. \u201cLa violencia no deja sino sangre, llanto, pobreza, destrucci\u00f3n\u201d, se\u00f1al\u00f3 Monse\u00f1or Vidal. Reafirm\u00f3 que la Iglesia prestar\u00e1 el servicio para que el Eln y el Epl entren en el proceso de di\u00e1logo con el Gobierno.<\/p>\n<p>El trabajo estar\u00e1 encaminado a buscar una salida pol\u00edtica \u201ca este remolino de violencia que tantas vidas ha segado, que tantas l\u00e1grimas, que tanto da\u00f1o y retraso les ha hecho a las comunidades\u201d. El Catatumbo que lleva d\u00e9cadas sumergido en una situaci\u00f3n de la que no puede salir, y una de las razones es la violencia.<\/p>\n<p>\u201cDa pena que un pa\u00eds como Colombia que tenga millones de v\u00edctimas y que adem\u00e1s estas no hayan sido atendidas\u201d, dijo monse\u00f1or Vidal Ortiz en el mensaje para la conmemoraci\u00f3n del D\u00eda de la Memoria y Solidaridad con las V\u00edctimas del Conflicto Armado.<\/p>\n<p>Llam\u00f3 la atenci\u00f3n sobre la necesidad de brindar mayor acompa\u00f1amiento a las v\u00edctimas, a aquellas que no han sido atendidas y que llevan una vida fuerte, con incertidumbre, sin futuro. \u201cMe parece que tanto el Gobierno como toda la dirigencia colombiana (pol\u00edticos, industriales, ganaderos) deben hacer un pacto por la paz de Colombia\u201d.<\/p>\n<p>Record\u00f3 que lleva a\u00f1os en la lucha por la paz de Colombia, para la reconciliaci\u00f3n, \u201cpero voy viendo c\u00f3mo unos, desde los grupos al margen de la ley, y otros, desde la misma instituci\u00f3n, pareciera que no les doliera Colombia, que no hubiera dolor de patria\u201d.<\/p>\n<p>&nbsp;<\/p>\n<p>&nbsp; <\/p>\n","protected":false},"excerpt":{"rendered":"<p>C\u00daCUTA.- \u2018Megateo\u2019, l\u00edder de un grupo al margen de la Ley en El Catatumbo, \u201ctiene que reaccionar\u201d y entrar en el proceso de paz que se adelanta en Colombia. La invitaci\u00f3n la hizo monse\u00f1or Julio C\u00e9sar Vidal Ortiz, a pesar de que no lo conoce. \u201cHe o\u00eddo poco de \u00e9l\u201d, dijo el obispo de C\u00facuta, &hellip;<\/p>\n","protected":false},"author":1,"featured_media":0,"comment_status":"open","ping_status":"open","sticky":false,"template":"","format":"standard","meta":{"footnotes":""},"categories":[541],"tags":[],"class_list":["post-23848","post","type-post","status-publish","format-standard","hentry","category-ciudad"],"_links":{"self":[{"href":"https:\/\/contraluzcucuta.co\/index.php?rest_route=\/wp\/v2\/posts\/23848","targetHints":{"allow":["GET"]}}],"collection":[{"href":"https:\/\/contraluzcucuta.co\/index.php?rest_route=\/wp\/v2\/posts"}],"about":[{"href":"https:\/\/contraluzcucuta.co\/index.php?rest_route=\/wp\/v2\/types\/post"}],"author":[{"embeddable":true,"href":"https:\/\/contraluzcucuta.co\/index.php?rest_route=\/wp\/v2\/users\/1"}],"replies":[{"embeddable":true,"href":"https:\/\/contraluzcucuta.co\/index.php?rest_route=%2Fwp%2Fv2%2Fcomments&post=23848"}],"version-history":[{"count":1,"href":"https:\/\/contraluzcucuta.co\/index.php?rest_route=\/wp\/v2\/posts\/23848\/revisions"}],"predecessor-version":[{"id":23872,"href":"https:\/\/contraluzcucuta.co\/index.php?rest_route=\/wp\/v2\/posts\/23848\/revisions\/23872"}],"wp:attachment":[{"href":"https:\/\/contraluzcucuta.co\/index.php?rest_route=%2Fwp%2Fv2%2Fmedia&parent=23848"}],"wp:term":[{"taxonomy":"category","embeddable":true,"href":"https:\/\/contraluzcucuta.co\/index.php?rest_route=%2Fwp%2Fv2%2Fcategories&post=23848"},{"taxonomy":"post_tag","embeddable":true,"href":"https:\/\/contraluzcucuta.co\/index.php?rest_route=%2Fwp%2Fv2%2Ftags&post=23848"}],"curies":[{"name":"wp","href":"https:\/\/api.w.org\/{rel}","templated":true}]}}