{"id":23845,"date":"2015-04-12T10:53:43","date_gmt":"2015-04-12T15:53:43","guid":{"rendered":"http:\/\/contraluzcucuta.co\/?p=23845"},"modified":"2015-04-12T10:53:43","modified_gmt":"2015-04-12T15:53:43","slug":"pamplona-modernizacion-del-servicio-de-alumbrado-publico","status":"publish","type":"post","link":"https:\/\/contraluzcucuta.co\/?p=23845","title":{"rendered":"PAMPLONA. Modernizaci\u00f3n del servicio de alumbrado p\u00fablico"},"content":{"rendered":"<p><strong>PAMPLONA \u2013 Norte de Santander.-<\/strong> En tres meses, el casco urbano de Pamplona contar\u00e1 con luz led. La administraci\u00f3n municipal firm\u00f3 contrato de concesi\u00f3n con la Empresa AGM Desarrollos S.A.S. para la administraci\u00f3n, operaci\u00f3n, mantenimiento, suministro, instalaci\u00f3n, expansi\u00f3n, modernizaci\u00f3n y reposici\u00f3n de la infraestructura del sistema de alumbrado p\u00fablico.<\/p>\n<p>Los cambios pueden verse en:<\/p>\n<p>1.- V\u00eda Panamericana<\/p>\n<p>2.- Sector de Chapinero, calles 3 y 4, carrera 5 y 6<\/p>\n<p>3.- Plazuela Sim\u00f3n Bol\u00edvar<\/p>\n<p>Entre los beneficios para la comunidad est\u00e1n:<\/p>\n<p>1.- Mejoramiento de la iluminaci\u00f3n de las v\u00edas<\/p>\n<p>2.- Fortalecimiento de la seguridad<\/p>\n<p>3.- Cumplimiento con las normas t\u00e9cnicas nacionales de alumbrado p\u00fablico<\/p>\n<p>4.- Embellecimiento del municipio<\/p>\n<p>5.- Ahorro de energ\u00eda<\/p>\n<p>6.- Contar con una oficina independiente para que la comunidad \u00a0presente peticiones, quejas o reclamos.<\/p>\n<p>Pamplona cuenta con 3500 luminarias, que se expandir\u00e1n anualmente en un 3 por ciento respecto de las existentes. Adem\u00e1s de modernizar, se ampliar\u00e1 el sistema de alumbrado para mejorar la imagen del municipio.<\/p>\n<p><strong>Foto: \u00a0<span style=\"color: #444444;\">Prensa Alcald\u00eda de Pamplona<\/span><\/strong> <\/p>\n","protected":false},"excerpt":{"rendered":"<p>PAMPLONA \u2013 Norte de Santander.- En tres meses, el casco urbano de Pamplona contar\u00e1 con luz led. La administraci\u00f3n municipal firm\u00f3 contrato de concesi\u00f3n con la Empresa AGM Desarrollos S.A.S. para la administraci\u00f3n, operaci\u00f3n, mantenimiento, suministro, instalaci\u00f3n, expansi\u00f3n, modernizaci\u00f3n y reposici\u00f3n de la infraestructura del sistema de alumbrado p\u00fablico. Los cambios pueden verse en: 1.- &hellip;<\/p>\n","protected":false},"author":1,"featured_media":23846,"comment_status":"open","ping_status":"open","sticky":false,"template":"","format":"standard","meta":{"footnotes":""},"categories":[32],"tags":[2160,2161],"class_list":["post-23845","post","type-post","status-publish","format-standard","has-post-thumbnail","hentry","category-recorrido-por-la-region","tag-alumbrado-publico-en-pamplona","tag-pamplona-norte-de-santander"],"_links":{"self":[{"href":"https:\/\/contraluzcucuta.co\/index.php?rest_route=\/wp\/v2\/posts\/23845","targetHints":{"allow":["GET"]}}],"collection":[{"href":"https:\/\/contraluzcucuta.co\/index.php?rest_route=\/wp\/v2\/posts"}],"about":[{"href":"https:\/\/contraluzcucuta.co\/index.php?rest_route=\/wp\/v2\/types\/post"}],"author":[{"embeddable":true,"href":"https:\/\/contraluzcucuta.co\/index.php?rest_route=\/wp\/v2\/users\/1"}],"replies":[{"embeddable":true,"href":"https:\/\/contraluzcucuta.co\/index.php?rest_route=%2Fwp%2Fv2%2Fcomments&post=23845"}],"version-history":[{"count":1,"href":"https:\/\/contraluzcucuta.co\/index.php?rest_route=\/wp\/v2\/posts\/23845\/revisions"}],"predecessor-version":[{"id":23847,"href":"https:\/\/contraluzcucuta.co\/index.php?rest_route=\/wp\/v2\/posts\/23845\/revisions\/23847"}],"wp:featuredmedia":[{"embeddable":true,"href":"https:\/\/contraluzcucuta.co\/index.php?rest_route=\/wp\/v2\/media\/23846"}],"wp:attachment":[{"href":"https:\/\/contraluzcucuta.co\/index.php?rest_route=%2Fwp%2Fv2%2Fmedia&parent=23845"}],"wp:term":[{"taxonomy":"category","embeddable":true,"href":"https:\/\/contraluzcucuta.co\/index.php?rest_route=%2Fwp%2Fv2%2Fcategories&post=23845"},{"taxonomy":"post_tag","embeddable":true,"href":"https:\/\/contraluzcucuta.co\/index.php?rest_route=%2Fwp%2Fv2%2Ftags&post=23845"}],"curies":[{"name":"wp","href":"https:\/\/api.w.org\/{rel}","templated":true}]}}