{"id":23842,"date":"2015-04-12T10:37:41","date_gmt":"2015-04-12T15:37:41","guid":{"rendered":"http:\/\/contraluzcucuta.co\/?p=23842"},"modified":"2015-04-14T20:37:39","modified_gmt":"2015-04-15T01:37:39","slug":"opinion-las-siete-palabras-de-jesus-segun-los-maestros","status":"publish","type":"post","link":"https:\/\/contraluzcucuta.co\/?p=23842","title":{"rendered":"OPINI\u00d3N. Las siete palabras de Jes\u00fas, seg\u00fan los maestros"},"content":{"rendered":"<p>Con el fin de reflexionar me he trasladado a un lugar especial, encontr\u00e1ndome en medio de conciertos de m\u00fasica gregoriana, procesiones acompa\u00f1adas con la marcialidad de ni\u00f1os y j\u00f3venes que desfilan con dignidad, donde parroquianos y visitantes firmes en su fe siguen las andas de las im\u00e1genes tradicionales cargadas por los penitentes consagrados que a\u00f1o a a\u00f1o cumplen su misi\u00f3n. Sin embargo, lo que m\u00e1s me ha conducido a una verdadera reflexi\u00f3n, ha sido la ceremonia de las siete palabras pronunciadas por un Jes\u00fas ag\u00f3nico en la cruz, las que con todo respeto de creyente\u00a0 me atrevo a contextualizar.<\/p>\n<p>Si el Salvador estuviera con nosotros, seguro, advertir\u00eda al Padre Celestial\u00a0 para que perdonara a la actual ministra de Educaci\u00f3n, en tanto no sabe lo que hace con las pol\u00edticas que pone en marcha, sin tener en cuenta las condiciones en las que se encuentran las instituciones p\u00fablicas y el maltrato que da a los maestros de Colombia. Aunque me parece que s\u00ed lo sabe.<\/p>\n<p>El Mes\u00edas, seguro, por su condici\u00f3n de salvador, estar\u00eda dispuesto a manifestarle a la\u00a0 Parody y a su jefe Santos, de apellido, que los llevar\u00eda al para\u00edso, pero de ninguna manera les permitir\u00eda estar al frente de tan significativa misi\u00f3n como lo es la educaci\u00f3n, pues acabar\u00edan con este lugar de esperanza para convertirlo en un mercado entregado a los potentados del poder.<\/p>\n<p>Es claro que a la gran funcionaria jam\u00e1s le asegurar\u00eda que ah\u00ed est\u00e1 su hijo, porque no tiene idea de lo que es amamantar la defensa de la Educaci\u00f3n P\u00fablica como fundamento de desarrollo social, ni menos decirle al magisterio, ah\u00ed est\u00e1 su madre, pues con mam\u00e1s de esta estirpe, es mejor ser hu\u00e9rfanos.<\/p>\n<p>\u00a1Dios m\u00edo, Dios m\u00edo! \u00bfPor qu\u00e9 me has abandonado? Es casi la expresi\u00f3n general del maestro de Colombia cada vez que cambian los gobiernos y se delega el ministerio m\u00e1s importante a negociantes que s\u00f3lo esperan disfrutar de su cuarto de hora para entregar al mejor postor\u00a0 la educaci\u00f3n y obtener los mejores dividendos, mientras niegan los derechos a los educadores y burlan sus esperanzas de vivir dignamente.<\/p>\n<p>Casi al expirar en la cruz Jes\u00fas clama: \u00a1Tengo sed!, y hoy, despu\u00e9s de m\u00e1s de 2000 a\u00f1os sigue con sed de justicia, por cuanto una de las funciones y obligaciones m\u00e1s importantes del Estado y la sociedad como lo es la educaci\u00f3n, los gobernantes de turno la han abandonado y la han convertido en un grotesco mercado. Hoy, estos personajes mojan la esponja de vinagre para humedecer sus labios como se\u00f1al de desprecio por quienes han seguido el camino del Gran Maestro.<\/p>\n<p>Pero para\u00a0 casi rematar la reflexi\u00f3n, no creo que se les pueda eximir de la sexta frase de Cristo: Todo est\u00e1 consumado. \u00a1Claro que todo lo han cumplido al pie de la letra, tal como se lo han ordenado los organismos internacionales como la Ocde y el Banco Mundial! Han burlado los sue\u00f1os de los educadores colombianos y de las nuevas generaciones, para quienes los planes consumados han sido los que les traen ventaja\u00a0 a las clases de privilegio y enga\u00f1o a los m\u00e1s d\u00e9biles.<\/p>\n<p>Por eso, debemos pedirle al Dios que nos permita continuar la lucha por nuestra dignidad y la de todos los colombianos para que tan pronto no tengamos que identificarnos con la s\u00e9ptima palabra: \u00a1Padre! en tus manos encomendamos el esp\u00edritu de los educadores y sus familias, el esp\u00edritu de la ni\u00f1ez y la juventud desprotegida. Para que no caigamos en la tentaci\u00f3n de seguirles el juego con el d\u00eda E, que s\u00f3lo ha sido como el beso de Judas: \u00a1la traici\u00f3n!<\/p>\n<p>ADDENDA: \u201cLas palabras del Salvador har\u00e1n reflexionar al hombre, cuando comprenda que la humanidad no puede ser v\u00edctima de los intereses de los poderosos, ni burlada por el burdo mercado de quienes dicen gobernarnos\u201d.\u00a0 \u00a0F.C.C.\u00a0 (DRA)<\/p>\n<p><strong>FERNANDO CA\u00d1AS CAMARGO<\/strong><\/p>\n<p><strong>Editorial Tiza y Tablero<\/strong><\/p>\n<p><strong>\u00a0Foto: PRENSA ALCALD\u00cdA DE C\u00daCUTA<\/strong> <\/p>\n","protected":false},"excerpt":{"rendered":"<p>Con el fin de reflexionar me he trasladado a un lugar especial, encontr\u00e1ndome en medio de conciertos de m\u00fasica gregoriana, procesiones acompa\u00f1adas con la marcialidad de ni\u00f1os y j\u00f3venes que desfilan con dignidad, donde parroquianos y visitantes firmes en su fe siguen las andas de las im\u00e1genes tradicionales cargadas por los penitentes consagrados que a\u00f1o &hellip;<\/p>\n","protected":false},"author":1,"featured_media":23843,"comment_status":"open","ping_status":"open","sticky":false,"template":"","format":"standard","meta":{"footnotes":""},"categories":[14,36],"tags":[1143,2159,1142,2140],"class_list":["post-23842","post","type-post","status-publish","format-standard","has-post-thumbnail","hentry","category-articulistas","category-la-voz-del-pueblo","tag-asinort","tag-docentes-de-cucuta","tag-fecode","tag-sermon-de-las-siete-palabras"],"_links":{"self":[{"href":"https:\/\/contraluzcucuta.co\/index.php?rest_route=\/wp\/v2\/posts\/23842","targetHints":{"allow":["GET"]}}],"collection":[{"href":"https:\/\/contraluzcucuta.co\/index.php?rest_route=\/wp\/v2\/posts"}],"about":[{"href":"https:\/\/contraluzcucuta.co\/index.php?rest_route=\/wp\/v2\/types\/post"}],"author":[{"embeddable":true,"href":"https:\/\/contraluzcucuta.co\/index.php?rest_route=\/wp\/v2\/users\/1"}],"replies":[{"embeddable":true,"href":"https:\/\/contraluzcucuta.co\/index.php?rest_route=%2Fwp%2Fv2%2Fcomments&post=23842"}],"version-history":[{"count":1,"href":"https:\/\/contraluzcucuta.co\/index.php?rest_route=\/wp\/v2\/posts\/23842\/revisions"}],"predecessor-version":[{"id":23844,"href":"https:\/\/contraluzcucuta.co\/index.php?rest_route=\/wp\/v2\/posts\/23842\/revisions\/23844"}],"wp:featuredmedia":[{"embeddable":true,"href":"https:\/\/contraluzcucuta.co\/index.php?rest_route=\/wp\/v2\/media\/23843"}],"wp:attachment":[{"href":"https:\/\/contraluzcucuta.co\/index.php?rest_route=%2Fwp%2Fv2%2Fmedia&parent=23842"}],"wp:term":[{"taxonomy":"category","embeddable":true,"href":"https:\/\/contraluzcucuta.co\/index.php?rest_route=%2Fwp%2Fv2%2Fcategories&post=23842"},{"taxonomy":"post_tag","embeddable":true,"href":"https:\/\/contraluzcucuta.co\/index.php?rest_route=%2Fwp%2Fv2%2Ftags&post=23842"}],"curies":[{"name":"wp","href":"https:\/\/api.w.org\/{rel}","templated":true}]}}