{"id":23839,"date":"2015-04-12T10:11:17","date_gmt":"2015-04-12T15:11:17","guid":{"rendered":"http:\/\/contraluzcucuta.co\/?p=23839"},"modified":"2015-04-14T19:15:35","modified_gmt":"2015-04-15T00:15:35","slug":"clasica-del-gran-santander-mas-de-100-ciclistas-partiran-desde-cucuta","status":"publish","type":"post","link":"https:\/\/contraluzcucuta.co\/?p=23839","title":{"rendered":"CL\u00c1SICA DEL GRAN SANTANDER. M\u00e1s de 100 ciclistas partir\u00e1n desde C\u00facuta"},"content":{"rendered":"<p><strong>C\u00daCUTA.-<\/strong> M\u00e1s de 100 corredores, pertenecientes a los principales equipos de Colombia y uno de Venezuela comenzar\u00e1n a rodar por las carreteras de Norte de Santander y Santander en cumplimiento de la Cl\u00e1sica Cicl\u00edstica del gran Santander. La largada se dar\u00e1, este 14 de abril, frente a la Alcald\u00eda de C\u00facuta, a \u00a0las 10:00 de la ma\u00f1ana.<\/p>\n<p>Los competidores forman parte de las escuadras EPM-UNE, Movistar Am\u00e9rica, S\u00faper Giro del Valle del Cauca, Boyac\u00e1 se Atreve; La ESSA, Loter\u00eda de Boyac\u00e1, Norte de Santander, Santander y Gobernaci\u00f3n de M\u00e9rida (Venezuela).<\/p>\n<p>La carrera, que terminar\u00e1 en Bucaramanga, coincide con la Semana de la Bicicleta, que va desde el 13 al 20 de abril. La primera etapa ser\u00e1 un circuito urbano de 10 vueltas, para cubrir una distancia de 94 kil\u00f3metros, y terminar\u00e1 a las 12:00 del d\u00eda.<\/p>\n<p>El recorrido ser\u00e1 el siguiente:<\/p>\n<p>1.- Salida. Alcald\u00eda de C\u00facuta, seguir\u00e1 por la calle 11 para tomar la Avenida 0, cruzar\u00e1 por la calle 15 hacia la Avenida Los Libertadores, seguir\u00e1 hacia la glorieta del antiguo DAS, regresa por la Avenida Los Libertadores en sentido sur-norte hasta la glorieta Arnulfo Brice\u00f1o y retorna en sentido norte-sur por la Avenida Los Libertadores para ingresar a la Diagonal Santander y cruzar hacia la calle 10.<\/p>\n<p>2.- Llegada. Costado norte del parque Santander.<\/p>\n<p>Abelardo Rond\u00f3n, director general de la Cl\u00e1sica, anunci\u00f3 las modificaciones que se hicieron al trazado inicial de las etapas en C\u00facuta. La segunda, C\u00facuta \u2013 Pamplona, inicialmente se ten\u00eda previsto dar la largada desde la Alcald\u00eda; ahora, se dispuso que partir\u00e1 de la Terminal de Trasporte, va por la avenida Camilo Daza, hasta la glorieta de la Penitenciar\u00eda. Har\u00e1 dos vueltas al circuito y luego sale por el anillo vial.<\/p>\n<p>Alfonso Sanabria, presidente de la Comisi\u00f3n de Ciclismo Urbano, asegur\u00f3 que el haber coincidido la Semana de la Bicicleta con la Cl\u00e1sica, es una situaci\u00f3n coyuntural, pues solo estaba prevista la programaci\u00f3n para celebrar el D\u00eda Mundial de la Bicicleta, el 19 de abril. En vista de que el certamen deportivo estaba programado para la semana, se incluy\u00f3 en la programaci\u00f3n, ampliando as\u00ed a siete d\u00edas.<\/p>\n<p>Las actividades de la Semana de la Bicicleta son las siguientes:<\/p>\n<p>1.-\u00a0 Ciclopaseo. 13 de abril. 7:00 de la noche. Saldr\u00e1 de la Alcald\u00eda de C\u00facuta, seguir\u00e1 por la calle 11 para tomar la Avenida 0, cruzar\u00e1 por la calle 15 hacia la Avenida Los Libertadores, seguir\u00e1 hacia la glorieta del antiguo DAS, regresa por la Avenida Los Libertadores en sentido sur-norte hasta la glorieta Arnulfo Brice\u00f1o y retorna en sentido norte-sur por la Libertadores para ingresar a la Diagonal Santander, cruza hacia la calle 10 y finaliza en la Alcald\u00eda.<\/p>\n<p>2.- Circuito. 14 de abril. Etapa de 94 kil\u00f3metros de la Cl\u00e1sica del Gran Santander, en la ma\u00f1ana. A las 6:00 de la tarde, Cochise Rodr\u00edguez y \u2018Lucho\u2019 Herrera estar\u00e1n en el conversatorio sobre la evoluci\u00f3n del ciclismo. A las 8:00 de la noche, partir\u00e1 el ciclopaseo.<\/p>\n<p>3.- Segunda etapa de la Cl\u00e1sica. 15 de abril. 10:00 de la ma\u00f1ana. Partir\u00e1 de la Alcald\u00eda de C\u00facuta, rumbo a Pamplona. Ciclopaseo. Salida a las 7:30 de la noche.<\/p>\n<p>4.- Foro \u2018La bicicleta como medio alternativo de trasporte\u2019. 15 de abril. 10:00 de la ma\u00f1ana. Teatro Municipal.<\/p>\n<p>5.- Actos culturales. 16 de abril. Invitados C\u00e1mara de Comercio de C\u00facuta, Fenalco, Sociedad de Arquitectos, ingenieros, facultades de arquitectura, secretar\u00edas de Tr\u00e1nsito de los municipios del \u00c1rea Metropolitana y colectivos de ciclistas.<\/p>\n<p>6.- Conversatorio \u2018Las necesidades del ciclista\u2019. 17 de abril. 10:00 de la ma\u00f1ana.\u00a0 Auditorio de la Universidad Francisco de Paula Santander.<\/p>\n<p>7.- Feria de la Bicicleta. 18 de abril.<\/p>\n<p>8.- D\u00eda Mundial de la Bicicleta. 19 de abril. Desde las 6:00 de la ma\u00f1ana en el patinadero de El Malec\u00f3n. Ciclopaseo \u2018Conozcamos los barrios de C\u00facuta\u201d. Demostraci\u00f3n de habilidades en el manejo de la cicla y exposici\u00f3n de bicicletas antiguas.<\/p>\n<p>Foto:\u00a0<a class=\"_ZR irc_hol\" style=\"color: #7d7d7d;\" href=\"https:\/\/www.google.com.co\/url?sa=i&amp;rct=j&amp;q=&amp;esrc=s&amp;source=images&amp;cd=&amp;cad=rja&amp;uact=8&amp;ved=0CAYQjB0&amp;url=http%3A%2F%2Fwww.ciclismodesantander.com.co%2F2014%2F06%2Fxxxvi-clasica-perla-del-fonce.html&amp;ei=34oqVdO_E4GFgwTfjITADQ&amp;bvm=bv.90491159,d.cWc&amp;psig=AFQjCNHVtJrjuMWeUfUL-Xe9ld4zUREM2Q&amp;ust=1428937819418295\" data-ved=\"0CAYQjB0\" data-href=\"http:\/\/www.ciclismodesantander.com.co\/2014\/06\/xxxvi-clasica-perla-del-fonce.html\"><span class=\"irc_ho\" dir=\"ltr\" style=\"color: #7d7d7d;\">www.ciclismodesantander.com.co<\/span><\/a><\/p>\n<p>&nbsp; <\/p>\n","protected":false},"excerpt":{"rendered":"<p>C\u00daCUTA.- M\u00e1s de 100 corredores, pertenecientes a los principales equipos de Colombia y uno de Venezuela comenzar\u00e1n a rodar por las carreteras de Norte de Santander y Santander en cumplimiento de la Cl\u00e1sica Cicl\u00edstica del gran Santander. La largada se dar\u00e1, este 14 de abril, frente a la Alcald\u00eda de C\u00facuta, a \u00a0las 10:00 de &hellip;<\/p>\n","protected":false},"author":1,"featured_media":23840,"comment_status":"open","ping_status":"open","sticky":false,"template":"","format":"standard","meta":{"footnotes":""},"categories":[28],"tags":[2158,2153],"class_list":["post-23839","post","type-post","status-publish","format-standard","has-post-thumbnail","hentry","category-vistazo-deportivo","tag-clasica-del-gran-santander","tag-semana-de-la-bicicleta-en-cucuta"],"_links":{"self":[{"href":"https:\/\/contraluzcucuta.co\/index.php?rest_route=\/wp\/v2\/posts\/23839","targetHints":{"allow":["GET"]}}],"collection":[{"href":"https:\/\/contraluzcucuta.co\/index.php?rest_route=\/wp\/v2\/posts"}],"about":[{"href":"https:\/\/contraluzcucuta.co\/index.php?rest_route=\/wp\/v2\/types\/post"}],"author":[{"embeddable":true,"href":"https:\/\/contraluzcucuta.co\/index.php?rest_route=\/wp\/v2\/users\/1"}],"replies":[{"embeddable":true,"href":"https:\/\/contraluzcucuta.co\/index.php?rest_route=%2Fwp%2Fv2%2Fcomments&post=23839"}],"version-history":[{"count":1,"href":"https:\/\/contraluzcucuta.co\/index.php?rest_route=\/wp\/v2\/posts\/23839\/revisions"}],"predecessor-version":[{"id":23841,"href":"https:\/\/contraluzcucuta.co\/index.php?rest_route=\/wp\/v2\/posts\/23839\/revisions\/23841"}],"wp:featuredmedia":[{"embeddable":true,"href":"https:\/\/contraluzcucuta.co\/index.php?rest_route=\/wp\/v2\/media\/23840"}],"wp:attachment":[{"href":"https:\/\/contraluzcucuta.co\/index.php?rest_route=%2Fwp%2Fv2%2Fmedia&parent=23839"}],"wp:term":[{"taxonomy":"category","embeddable":true,"href":"https:\/\/contraluzcucuta.co\/index.php?rest_route=%2Fwp%2Fv2%2Fcategories&post=23839"},{"taxonomy":"post_tag","embeddable":true,"href":"https:\/\/contraluzcucuta.co\/index.php?rest_route=%2Fwp%2Fv2%2Ftags&post=23839"}],"curies":[{"name":"wp","href":"https:\/\/api.w.org\/{rel}","templated":true}]}}