{"id":23833,"date":"2015-04-09T21:23:32","date_gmt":"2015-04-10T02:23:32","guid":{"rendered":"http:\/\/contraluzcucuta.co\/?p=23833"},"modified":"2015-04-12T11:48:29","modified_gmt":"2015-04-12T16:48:29","slug":"conflicto-armado-un-minuto-de-silencio-para-recordar-a-las-victimas","status":"publish","type":"post","link":"https:\/\/contraluzcucuta.co\/?p=23833","title":{"rendered":"CONFLICTO ARMADO. Un minuto de silencio para recordar a las v\u00edctimas"},"content":{"rendered":"<p><strong>C\u00daCUTA<\/strong>.- Diferentes actividades, programadas en la zona de frontera, sirvieron para recordar a las v\u00edctimas del conflicto armado y conmemorar el D\u00eda Nacional de la Memoria y la Solidaridad. La Polic\u00eda Metropolitana de C\u00facuta (Mecuc) estuvo al frente de los actos.<\/p>\n<p>El Comando de la Mecuc en el barrio San Mateo fue el escenario de la jornada especial para rendirles un homenaje a aquellos hombres y mujeres que en diferentes hechos se convirtieron en v\u00edctimas directas del conflicto armado, y a las familias como v\u00edctimas indirectas.<\/p>\n<p>Las actividades de memoria y reconocimiento de los hechos que han victimizado a los colombianos iniciaron con el oficio religioso en la Plaza de Armas. Asistieron representantes de la Gobernaci\u00f3n de Norte de Santander y la Alcald\u00eda de C\u00facuta.<\/p>\n<p>A la jornada fueron convocados funcionarios de la Unidad para la Atenci\u00f3n y Reparaci\u00f3n Integral a las Victimas (UARIV), el Sistema Nacional para la Atenci\u00f3n y Reparaci\u00f3n Integral de las Victimas (SNARVI), autoridades judiciales, ONG defensoras de los derechos humanos, entidades del Estado y ciudadan\u00eda.<\/p>\n<p>Durante un minuto se guard\u00f3 silencio como homenaje a las v\u00edctimas y se iz\u00f3 a media asta el pabell\u00f3n nacional. As\u00ed, se honr\u00f3 la memoria de quienes ofrendaron su vida para garantizar la seguridad y la convivencia ciudadanas.<\/p>\n<p>En el aula m\u00e1xima del Universidad Sim\u00f3n Bol\u00edvar se desarroll\u00f3 el Foro de V\u00edctimas, conmemorativo del D\u00eda Nacional de la Memoria y Solidaridad con las V\u00edctimas. La actividad concluy\u00f3 con la ofrenda floral en el Parque Col\u00f3n.<\/p>\n<p>Oscar Gerardino, secretario de Gobierno y Convivencia Ciudadana, y Gimena Camacho, enlace de v\u00edctimas del municipio, participaron en el acto, que cont\u00f3 con la presencia de 200 cucute\u00f1os.<\/p>\n<p>El encuentro cont\u00f3 con la participaci\u00f3n de los expositores Alberto Sarmiento, Edgar Soler y Enrique Pertuz, quien resalt\u00f3 esta fecha como hist\u00f3rica y de alto simbolismo para la memoria del pa\u00eds.<\/p>\n<p><strong>Foto: PRENSA ALCALD\u00cdA DE C\u00daCUTA<\/strong><\/p>\n<p>&nbsp;<\/p>\n<p>&nbsp; <\/p>\n","protected":false},"excerpt":{"rendered":"<p>C\u00daCUTA.- Diferentes actividades, programadas en la zona de frontera, sirvieron para recordar a las v\u00edctimas del conflicto armado y conmemorar el D\u00eda Nacional de la Memoria y la Solidaridad. La Polic\u00eda Metropolitana de C\u00facuta (Mecuc) estuvo al frente de los actos. El Comando de la Mecuc en el barrio San Mateo fue el escenario de &hellip;<\/p>\n","protected":false},"author":1,"featured_media":23834,"comment_status":"open","ping_status":"open","sticky":false,"template":"","format":"standard","meta":{"footnotes":""},"categories":[7],"tags":[679],"class_list":["post-23833","post","type-post","status-publish","format-standard","has-post-thumbnail","hentry","category-acontecimientos","tag-victimas-del-conflicto-en-norte-de-santander"],"_links":{"self":[{"href":"https:\/\/contraluzcucuta.co\/index.php?rest_route=\/wp\/v2\/posts\/23833","targetHints":{"allow":["GET"]}}],"collection":[{"href":"https:\/\/contraluzcucuta.co\/index.php?rest_route=\/wp\/v2\/posts"}],"about":[{"href":"https:\/\/contraluzcucuta.co\/index.php?rest_route=\/wp\/v2\/types\/post"}],"author":[{"embeddable":true,"href":"https:\/\/contraluzcucuta.co\/index.php?rest_route=\/wp\/v2\/users\/1"}],"replies":[{"embeddable":true,"href":"https:\/\/contraluzcucuta.co\/index.php?rest_route=%2Fwp%2Fv2%2Fcomments&post=23833"}],"version-history":[{"count":1,"href":"https:\/\/contraluzcucuta.co\/index.php?rest_route=\/wp\/v2\/posts\/23833\/revisions"}],"predecessor-version":[{"id":23835,"href":"https:\/\/contraluzcucuta.co\/index.php?rest_route=\/wp\/v2\/posts\/23833\/revisions\/23835"}],"wp:featuredmedia":[{"embeddable":true,"href":"https:\/\/contraluzcucuta.co\/index.php?rest_route=\/wp\/v2\/media\/23834"}],"wp:attachment":[{"href":"https:\/\/contraluzcucuta.co\/index.php?rest_route=%2Fwp%2Fv2%2Fmedia&parent=23833"}],"wp:term":[{"taxonomy":"category","embeddable":true,"href":"https:\/\/contraluzcucuta.co\/index.php?rest_route=%2Fwp%2Fv2%2Fcategories&post=23833"},{"taxonomy":"post_tag","embeddable":true,"href":"https:\/\/contraluzcucuta.co\/index.php?rest_route=%2Fwp%2Fv2%2Ftags&post=23833"}],"curies":[{"name":"wp","href":"https:\/\/api.w.org\/{rel}","templated":true}]}}