{"id":23830,"date":"2015-04-09T20:58:17","date_gmt":"2015-04-10T01:58:17","guid":{"rendered":"http:\/\/contraluzcucuta.co\/?p=23830"},"modified":"2015-04-12T11:50:22","modified_gmt":"2015-04-12T16:50:22","slug":"victimas-del-conflicto-recorte-presupuestal-limita-atencion-a-poblacion-vulnerable","status":"publish","type":"post","link":"https:\/\/contraluzcucuta.co\/?p=23830","title":{"rendered":"V\u00cdCTIMAS DEL CONFLICTO. Recorte presupuestal limita atenci\u00f3n a poblaci\u00f3n vulnerable"},"content":{"rendered":"<p><strong>C\u00daCUTA.-<\/strong> Limitaciones presupuestales en el recaudo nacional ser\u00edan las causales de la reducci\u00f3n de la cobertura para la Fase III del Programa de Atenci\u00f3n Psicosocial y Salud Integral a V\u00edctimas del Conflicto Armado. El PAPSIVI \u00a0benefici\u00f3 a 23 municipios de Norte de Santander durante la primera y segunda fases, cumplidas en el 2014.<\/p>\n<p>El Grupo de Promoci\u00f3n Social del Ministerio de Salud y Protecci\u00f3n Social inform\u00f3 la situaci\u00f3n mediante el comunicado \u201cOrientaciones para el proceso de atenci\u00f3n psicosocial PAPSIVI \u2013 2015\u201d.<\/p>\n<p>El recorte limita a C\u00facuta, Oca\u00f1a, San Calixto y Convenci\u00f3n la continuidad de las atenciones a las v\u00edctimas del conflicto armado en los componentes psicosocial (individual, familiar y comunitario) y salud integral (que se brinda mediante el Sistema General de Seguridad Social en Salud) basado en enfoques de derechos, diferencial y de g\u00e9nero.<\/p>\n<p>La regi\u00f3n, hist\u00f3ricamente, ha tenido asentamiento de los grupos armados al margen de la ley Farc, Eln, paramilitares y Bacrim. Las acciones producen como secuelas v\u00edctimas que se encuentran en la totalidad de municipios del departamento. Especialmente, est\u00e1n radicados en Oca\u00f1a, Zona de El Catatumbo, \u00c1rea Metropolitana de C\u00facuta, Toledo, Chitag\u00e1 y Pamplona. A estos se suma el desplazamiento de los colombianos deportados desde Venezuela en los \u00faltimos meses.<\/p>\n<p>\u201cNo encontramos de ninguna manera coherente con esta realidad los recortes presupuestales y de cobertura en la continuidad del programa PAPSIVI\u201d, se\u00f1al\u00f3 el director del Instituto Departamental de Salud, Javier Prieto. \u00a0Los recortes a los que se someti\u00f3 el departamento son del 86 por ciento.<\/p>\n<p>\u201cEs imperativo que antes de emitir la Resoluci\u00f3n de asignaci\u00f3n de recursos y sus respectivos lineamientos, se reconsidere lo planteado en atenci\u00f3n a que el departamento debe dar respuesta a las sentencias de la Corte Constitucional, las sentencias de Justicia y Paz, la Ley de V\u00edctimas y Restituci\u00f3n de tierras y la Ley Estatutaria de Salud\u201d, asegura en el oficio, acompa\u00f1ado de un informe t\u00e9cnico que referencia la poblaci\u00f3n identificada en los municipios priorizados para la regi\u00f3n.<\/p>\n<p>Entre las disposiciones que deben ser atendidas se encuentran:<\/p>\n<p>1.- La Ley Estatutaria 1751 de febrero de 2015, art\u00edculo 11, la cual indica que no debe haber restricci\u00f3n econ\u00f3mica para brindarles atenci\u00f3n a las poblaciones vulnerables<\/p>\n<p>2.- La sentencia en favor de las v\u00edctimas de Jorge Iv\u00e1n Laverde Zapata alias \u2018El Iguano\u2019, en Tib\u00fa, El Tarra y Oca\u00f1a.<\/p>\n<p>3.- la sentencia que reconoce las v\u00edctimas de Javier Antonio Quintero Coronel y\u00a0 Jos\u00e9 Lenein Molano, en Oca\u00f1a.<\/p>\n<p>4.- Sentencia previa en primera y segunda instancia de Jes\u00fas Noradlo Basto y Armando Madriaga que reconoce v\u00edctimas en C\u00facuta, Oca\u00f1a y Pamplona<\/p>\n<p>5.- Las sentencias remitidas por la Unidad de Atenci\u00f3n a V\u00edctimas<\/p>\n<p>6.- Las solicitudes de las Mesas municipales y departamental de participaci\u00f3n.<\/p>\n<p>Las metas establecidas por el PAPSIVI, desde la Fase I, establecieron la necesidad de atender en el territorio 2360 v\u00edctimas, 451 familias y 75 comunidades identificadas en 23 municipios y 9 corregimientos. Para cumplir con lo previsto se contaba con 11 equipos psicosociales conformados por dos psic\u00f3logos, un profesional social, un profesional de la salud y un promotor psicosocial.<\/p>\n<p>Los nuevos lineamientos solo garantizar\u00edan cuatro equipos y se reducir\u00edan los integrantes a cuatro para la atenci\u00f3n de 1482 v\u00edctimas, en cuatro municipios priorizados en la tercera fase.<\/p>\n<p>Foto: <\/p>\n","protected":false},"excerpt":{"rendered":"<p>C\u00daCUTA.- Limitaciones presupuestales en el recaudo nacional ser\u00edan las causales de la reducci\u00f3n de la cobertura para la Fase III del Programa de Atenci\u00f3n Psicosocial y Salud Integral a V\u00edctimas del Conflicto Armado. El PAPSIVI \u00a0benefici\u00f3 a 23 municipios de Norte de Santander durante la primera y segunda fases, cumplidas en el 2014. El Grupo &hellip;<\/p>\n","protected":false},"author":1,"featured_media":23831,"comment_status":"open","ping_status":"open","sticky":false,"template":"","format":"standard","meta":{"footnotes":""},"categories":[556],"tags":[808,1784,679],"class_list":["post-23830","post","type-post","status-publish","format-standard","has-post-thumbnail","hentry","category-departamento","tag-instituto-departamental-de-salud","tag-javier-prieto","tag-victimas-del-conflicto-en-norte-de-santander"],"_links":{"self":[{"href":"https:\/\/contraluzcucuta.co\/index.php?rest_route=\/wp\/v2\/posts\/23830","targetHints":{"allow":["GET"]}}],"collection":[{"href":"https:\/\/contraluzcucuta.co\/index.php?rest_route=\/wp\/v2\/posts"}],"about":[{"href":"https:\/\/contraluzcucuta.co\/index.php?rest_route=\/wp\/v2\/types\/post"}],"author":[{"embeddable":true,"href":"https:\/\/contraluzcucuta.co\/index.php?rest_route=\/wp\/v2\/users\/1"}],"replies":[{"embeddable":true,"href":"https:\/\/contraluzcucuta.co\/index.php?rest_route=%2Fwp%2Fv2%2Fcomments&post=23830"}],"version-history":[{"count":1,"href":"https:\/\/contraluzcucuta.co\/index.php?rest_route=\/wp\/v2\/posts\/23830\/revisions"}],"predecessor-version":[{"id":23832,"href":"https:\/\/contraluzcucuta.co\/index.php?rest_route=\/wp\/v2\/posts\/23830\/revisions\/23832"}],"wp:featuredmedia":[{"embeddable":true,"href":"https:\/\/contraluzcucuta.co\/index.php?rest_route=\/wp\/v2\/media\/23831"}],"wp:attachment":[{"href":"https:\/\/contraluzcucuta.co\/index.php?rest_route=%2Fwp%2Fv2%2Fmedia&parent=23830"}],"wp:term":[{"taxonomy":"category","embeddable":true,"href":"https:\/\/contraluzcucuta.co\/index.php?rest_route=%2Fwp%2Fv2%2Fcategories&post=23830"},{"taxonomy":"post_tag","embeddable":true,"href":"https:\/\/contraluzcucuta.co\/index.php?rest_route=%2Fwp%2Fv2%2Ftags&post=23830"}],"curies":[{"name":"wp","href":"https:\/\/api.w.org\/{rel}","templated":true}]}}