{"id":23827,"date":"2015-04-09T20:48:11","date_gmt":"2015-04-10T01:48:11","guid":{"rendered":"http:\/\/contraluzcucuta.co\/?p=23827"},"modified":"2015-04-12T11:50:57","modified_gmt":"2015-04-12T16:50:57","slug":"semana-de-la-bicicleta-ciclopaseos-foros-exposiciones-y-clasica-ciclistica","status":"publish","type":"post","link":"https:\/\/contraluzcucuta.co\/?p=23827","title":{"rendered":"SEMANA DE LA BICICLETA. Ciclopaseos, foros, exposiciones y cl\u00e1sica cicl\u00edstica"},"content":{"rendered":"<p><strong>C\u00daCUTA.-<\/strong> Del 13 al 20 de abril, los cucute\u00f1os celebrar\u00e1n la Semana de la Bicicleta. Ser\u00e1 un tiempo suficiente para movilizarse en este medio de trasporte y dejar el carro en el garaje de la casa. \u00a0El objetivo es incentivar el uso y masificaci\u00f3n de la bicicleta.<\/p>\n<p>Paralela a la actividad se correr\u00e1 la Cl\u00e1sica Cicl\u00edstica del Gran Santander. Dos etapas se disputar\u00e1n en C\u00facuta y los alrededores. En los d\u00edas de competencia estar\u00e1n en la ciudad \u00a0las glorias colombianas Mart\u00edn Emilio Cochise Rodr\u00edguez y Luis Alberto Herrera, \u2018El Jardinerito de Fusagasug\u00e1\u2019, quienes participar\u00e1n en actos deportivos y culturales.<\/p>\n<p>La programaci\u00f3n de la Semana de la Bicicleta ser\u00e1 la siguiente:<\/p>\n<p>1.- \u00a0Ciclopaseo. 13 de abril. 7:00 de la noche. Saldr\u00e1 de la Alcald\u00eda de C\u00facuta, seguir\u00e1 por la calle 11 para tomar la Avenida 0, cruzar\u00e1 por la calle 15 hacia la Avenida Los Libertadores, seguir\u00e1 hacia la glorieta del antiguo DAS, regresa por la Avenida Los Libertadores en sentido sur-norte hasta la glorieta Arnulfo Brice\u00f1o y retorna en sentido norte-sur por la Libertadores para ingresar a la Diagonal Santander, cruza hacia la calle 10 y finaliza en la Alcald\u00eda.<\/p>\n<p>2.- Circuito. 14 de abril. Etapa de 94 kil\u00f3metros de la Cl\u00e1sica del Gran Santander, en la ma\u00f1ana. A las 6:00 de la tarde, Cochise Rodr\u00edguez y \u2018Lucho\u2019 Herrera estar\u00e1n en el conversatorio sobre la evoluci\u00f3n del ciclismo. A las 8:00 de la noche, partir\u00e1 el ciclopaseo.<\/p>\n<p>3.- Segunda etapa de la Cl\u00e1sica. 15 de abril. 10:00 de la ma\u00f1ana. Partir\u00e1 de la Alcald\u00eda de C\u00facuta, rumbo a Pamplona. Ciclopaseo. Salida a las 7:30 de la noche.<\/p>\n<p>4.- Foro \u2018La bicicleta como medio alternativo de trasporte\u2019. 15 de abril. 10:00 de la ma\u00f1ana. Teatro Municipal.<\/p>\n<p>5.- Actos culturales. 16 de abril. Invitados C\u00e1mara de Comercio de C\u00facuta, Fenalco, Sociedad de Arquitectos, ingenieros, facultades de arquitectura, secretar\u00edas de Tr\u00e1nsito de los municipios del \u00c1rea Metropolitana y colectivos de ciclistas.<\/p>\n<p>6.- Conversatorio \u2018Las necesidades del ciclista\u2019. 17 de abril. 10:00 de la ma\u00f1ana. \u00a0Auditorio de la Universidad Francisco de Paula Santander.<\/p>\n<p>7.- Feria de la Bicicleta. 18 de abril.<\/p>\n<p>8.- D\u00eda Mundial de la Bicicleta. 19 de abril. Desde las 6:00 de la ma\u00f1ana en el patinadero de El Malec\u00f3n. Ciclopaseo \u2018Conozcamos los barrios de C\u00facuta\u201d. Demostraci\u00f3n de habilidades en el manejo de la cicla y exposici\u00f3n de bicicletas antiguas.<\/p>\n<p>El cierre de la Semana de la Bicicleta ser\u00e1 con la puesta en marcha del plan experimental del primer bicicarril desde el cruce de la Avenida 0 con calle 10 hasta la avenida 6 con calle 11, a partir de las 6:00 de la ma\u00f1ana, en el estacionamiento de bicicletas.<\/p>\n<p>Para la Cl\u00e1sica Cicl\u00edstica est\u00e1 confirmada la presencia de los equipos Team Colombia, Une, Movistar Am\u00e9ricas y representaciones de Boyac\u00e1, Santander y Valle del Cauca, tradicionales animadores de las pruebas de ruta en Colombia.<\/p>\n<p>Foto: www.contraluzcucuta.co <\/p>\n","protected":false},"excerpt":{"rendered":"<p>C\u00daCUTA.- Del 13 al 20 de abril, los cucute\u00f1os celebrar\u00e1n la Semana de la Bicicleta. Ser\u00e1 un tiempo suficiente para movilizarse en este medio de trasporte y dejar el carro en el garaje de la casa. \u00a0El objetivo es incentivar el uso y masificaci\u00f3n de la bicicleta. Paralela a la actividad se correr\u00e1 la Cl\u00e1sica &hellip;<\/p>\n","protected":false},"author":1,"featured_media":23828,"comment_status":"open","ping_status":"open","sticky":false,"template":"","format":"standard","meta":{"footnotes":""},"categories":[541,28],"tags":[2154,2153],"class_list":["post-23827","post","type-post","status-publish","format-standard","has-post-thumbnail","hentry","category-ciudad","category-vistazo-deportivo","tag-clasica-ciclistica-del-gran-santander","tag-semana-de-la-bicicleta-en-cucuta"],"_links":{"self":[{"href":"https:\/\/contraluzcucuta.co\/index.php?rest_route=\/wp\/v2\/posts\/23827","targetHints":{"allow":["GET"]}}],"collection":[{"href":"https:\/\/contraluzcucuta.co\/index.php?rest_route=\/wp\/v2\/posts"}],"about":[{"href":"https:\/\/contraluzcucuta.co\/index.php?rest_route=\/wp\/v2\/types\/post"}],"author":[{"embeddable":true,"href":"https:\/\/contraluzcucuta.co\/index.php?rest_route=\/wp\/v2\/users\/1"}],"replies":[{"embeddable":true,"href":"https:\/\/contraluzcucuta.co\/index.php?rest_route=%2Fwp%2Fv2%2Fcomments&post=23827"}],"version-history":[{"count":1,"href":"https:\/\/contraluzcucuta.co\/index.php?rest_route=\/wp\/v2\/posts\/23827\/revisions"}],"predecessor-version":[{"id":23829,"href":"https:\/\/contraluzcucuta.co\/index.php?rest_route=\/wp\/v2\/posts\/23827\/revisions\/23829"}],"wp:featuredmedia":[{"embeddable":true,"href":"https:\/\/contraluzcucuta.co\/index.php?rest_route=\/wp\/v2\/media\/23828"}],"wp:attachment":[{"href":"https:\/\/contraluzcucuta.co\/index.php?rest_route=%2Fwp%2Fv2%2Fmedia&parent=23827"}],"wp:term":[{"taxonomy":"category","embeddable":true,"href":"https:\/\/contraluzcucuta.co\/index.php?rest_route=%2Fwp%2Fv2%2Fcategories&post=23827"},{"taxonomy":"post_tag","embeddable":true,"href":"https:\/\/contraluzcucuta.co\/index.php?rest_route=%2Fwp%2Fv2%2Ftags&post=23827"}],"curies":[{"name":"wp","href":"https:\/\/api.w.org\/{rel}","templated":true}]}}