{"id":23821,"date":"2015-04-09T18:55:16","date_gmt":"2015-04-09T23:55:16","guid":{"rendered":"http:\/\/contraluzcucuta.co\/?p=23821"},"modified":"2015-04-12T11:52:09","modified_gmt":"2015-04-12T16:52:09","slug":"marcha-por-la-paz-reparar-a-las-victimas-del-conflicto-es-la-clave-para-sembrar-la-paz-en-el-campo","status":"publish","type":"post","link":"https:\/\/contraluzcucuta.co\/?p=23821","title":{"rendered":"MARCHA POR LA PAZ. Reparar a las v\u00edctimas del conflicto es la clave para sembrar la paz en el campo"},"content":{"rendered":"<p><strong>BOGOT\u00c1<\/strong>.- \u201cSal\u00ed a marchar por el campo, por las v\u00edctimas del conflicto, que en gran parte est\u00e1n en la zona rural\u201d, manifest\u00f3 el ministro de Agricultura y Desarrollo Rural, Aurelio Iragorri Valencia, en la \u2018Marcha por la paz\u2019 y la conmemoraci\u00f3n del D\u00eda de la Memoria y la Solidaridad con las V\u00edctimas\u201d.<\/p>\n<p>El jefe de la cartera agropecuaria indic\u00f3 que el conflicto se ha desarrollado en la ruralidad de Colombia y es all\u00ed donde est\u00e1 la mayor parte de las v\u00edctimas, por eso repararlas, reconocerlas y que tengan la posibilidad hist\u00f3rica de conocer la verdad en los procesos, har\u00e1 que en Colombia no haya sido en vano la muerte y el sacrificio de tantos compatriotas.<\/p>\n<p>Afirm\u00f3 que lleg\u00f3 el momento de acabar con este conflicto que tanto dolor y desangre le ha generado a las tierras rurales de pa\u00eds, y en cambio darles al campo y a los campesinos la oportunidad para progresar.<\/p>\n<p>\u201cLa paz de Colombia se siembra en el campo colombiano\u201d, se\u00f1al\u00f3 el Ministro Iragorri. Enfatiz\u00f3 que esta se va a lograr con acuerdo o sin acuerdo, refiri\u00e9ndose a los di\u00e1logos de La Habana, sobre los cuales tiene un alto optimismo de que se van a culminar con un acuerdo.<\/p>\n<p>Resalt\u00f3 el ejemplo de pa\u00edses que lograron firmar la paz y, c\u00f3mo en el posconflicto, el campo se trasform\u00f3 y logr\u00f3 niveles de desarrollo que trajo bienestar para los moradores.<\/p>\n<p>\u201cEn el Ministerio trabajamos para darle al campo un nuevo amanecer de prosperidad y desarrollo, trabajamos para devolverles la esperanza a los campesinos, que lo que necesitan son oportunidades para salir adelante\u201d, puntualiz\u00f3 el ministro Iragorri.<\/p>\n<p>Concluy\u00f3 que \u201creparar a las v\u00edctimas, reconocerlas y que tengan la posibilidad hist\u00f3rica de conocer la verdad de los procesos, har\u00e1 que en Colombia no haya sido en vano la muerte y el sacrificio de tanto colombiano en este conflicto, que tanto dolor le ha generado a las tierras rurales de Colombia\u201d.<\/p>\n<p><strong>Foto: PRENSA @MinAgricultura<\/strong><\/p>\n<p>&nbsp; <\/p>\n","protected":false},"excerpt":{"rendered":"<p>BOGOT\u00c1.- \u201cSal\u00ed a marchar por el campo, por las v\u00edctimas del conflicto, que en gran parte est\u00e1n en la zona rural\u201d, manifest\u00f3 el ministro de Agricultura y Desarrollo Rural, Aurelio Iragorri Valencia, en la \u2018Marcha por la paz\u2019 y la conmemoraci\u00f3n del D\u00eda de la Memoria y la Solidaridad con las V\u00edctimas\u201d. El jefe de &hellip;<\/p>\n","protected":false},"author":1,"featured_media":23822,"comment_status":"open","ping_status":"open","sticky":false,"template":"","format":"standard","meta":{"footnotes":""},"categories":[7,6],"tags":[2151,2152,1934],"class_list":["post-23821","post","type-post","status-publish","format-standard","has-post-thumbnail","hentry","category-acontecimientos","category-ojo-avizor","tag-marcha-por-la-paz","tag-marcha-por-las-victimas","tag-ministerio-de-agricultura"],"_links":{"self":[{"href":"https:\/\/contraluzcucuta.co\/index.php?rest_route=\/wp\/v2\/posts\/23821","targetHints":{"allow":["GET"]}}],"collection":[{"href":"https:\/\/contraluzcucuta.co\/index.php?rest_route=\/wp\/v2\/posts"}],"about":[{"href":"https:\/\/contraluzcucuta.co\/index.php?rest_route=\/wp\/v2\/types\/post"}],"author":[{"embeddable":true,"href":"https:\/\/contraluzcucuta.co\/index.php?rest_route=\/wp\/v2\/users\/1"}],"replies":[{"embeddable":true,"href":"https:\/\/contraluzcucuta.co\/index.php?rest_route=%2Fwp%2Fv2%2Fcomments&post=23821"}],"version-history":[{"count":1,"href":"https:\/\/contraluzcucuta.co\/index.php?rest_route=\/wp\/v2\/posts\/23821\/revisions"}],"predecessor-version":[{"id":23823,"href":"https:\/\/contraluzcucuta.co\/index.php?rest_route=\/wp\/v2\/posts\/23821\/revisions\/23823"}],"wp:featuredmedia":[{"embeddable":true,"href":"https:\/\/contraluzcucuta.co\/index.php?rest_route=\/wp\/v2\/media\/23822"}],"wp:attachment":[{"href":"https:\/\/contraluzcucuta.co\/index.php?rest_route=%2Fwp%2Fv2%2Fmedia&parent=23821"}],"wp:term":[{"taxonomy":"category","embeddable":true,"href":"https:\/\/contraluzcucuta.co\/index.php?rest_route=%2Fwp%2Fv2%2Fcategories&post=23821"},{"taxonomy":"post_tag","embeddable":true,"href":"https:\/\/contraluzcucuta.co\/index.php?rest_route=%2Fwp%2Fv2%2Ftags&post=23821"}],"curies":[{"name":"wp","href":"https:\/\/api.w.org\/{rel}","templated":true}]}}