{"id":23809,"date":"2015-04-07T16:00:53","date_gmt":"2015-04-07T21:00:53","guid":{"rendered":"http:\/\/contraluzcucuta.co\/?p=23809"},"modified":"2015-04-09T21:21:51","modified_gmt":"2015-04-10T02:21:51","slug":"proyecto-cultural-centro-contemporaneo-la-gran-colombia","status":"publish","type":"post","link":"https:\/\/contraluzcucuta.co\/?p=23809","title":{"rendered":"PROYECTO CULTURAL. Centro Contempor\u00e1neo La Gran Colombia"},"content":{"rendered":"<p><strong>C\u00daCUTA.-<\/strong> Una casona de la avenida 2 entre calles 14 y 15 albergar\u00eda el Centro Contempor\u00e1neo La Gran Colombia, proyecto cultural ambicioso que permitir\u00e1 a los cucute\u00f1os ponerse a la altura de las grandes ciudades colombianas. Para echar a andar este sue\u00f1o solo falta pedir en daci\u00f3n el inmueble al Gobierno. La inversi\u00f3n supera los $ 2421 millones.<\/p>\n<p>La curadora de museos Susana Quintero present\u00f3 el proyecto en la C\u00e1mara de Comercio ante delegados de los gremios locales. La sede ser\u00eda la antigua sede la Contralor\u00eda General de la Rep\u00fablica, escogida luego de analizar otros espacios entre los que destacan La Bagatela (Villa del Rosario), La Quinta Teresa y La Torre del Reloj.<\/p>\n<p>La escasez de instituciones hist\u00f3ricas y la singularidad hist\u00f3rica de C\u00facuta son los aspectos sobresalientes en el perfil de la ciudad que motivaron el estudio elaborado en los \u00faltimos meses por un grupo interinstitucional. \u201cEscog\u00ed lo mejor de Colombia para llevar a cabo el proyecto\u201d, dijo Susana Quintero.<\/p>\n<p>El Centro Contempor\u00e1neo ser\u00e1 un lugar flexible que no requerir\u00e1 colecciones, ser\u00e1 un espacio h\u00edbrido que cruzar\u00e1 lo temporal con lo permanente y ser\u00e1 un sitio de interpretaci\u00f3n hist\u00f3rica.<\/p>\n<p>En el desglose del inmueble se contar\u00e1 con:<\/p>\n<p>1.- Patio descubierto. Permitir\u00e1 la intervenci\u00f3n art\u00edstica.<\/p>\n<p>2.- Muros. Se convertir\u00e1n en un mural contempor\u00e1neo que desarrollar\u00e1 una cronolog\u00eda de los hechos hist\u00f3ricos.<\/p>\n<p>3.- El patio. Lugar de bienvenida para los visitantes.<\/p>\n<p>4.- Activaciones. Exhibici\u00f3n temporal de proyectos de residencias art\u00edsticas cuyo \u00e9nfasis de reflexi\u00f3n se centrar\u00e1 en problemas relacionados con los imaginarios sociales.<\/p>\n<p>5.- Territorio. El p\u00fablico podr\u00e1 reflexionar sobre la idea de territorio y las implicaciones en cuanto a las trasformaciones de las divisiones pol\u00edticas y las fronteras.<\/p>\n<p>6.- Activaciones. Exhibici\u00f3n temporal de proyectos para reflexionar sobre problemas relacionadas con el territorio y la ciudadan\u00eda.<\/p>\n<p>7.- Leyes y ciudadan\u00edas. Este espacio har\u00e1 \u00e9nfasis en el texto y la ret\u00f3rica.<\/p>\n<p>\u201cEl Centro Contempor\u00e1neo La Gran Colombia se funda como una instituci\u00f3n museal sin colecci\u00f3n de objetos, pero dedicada a la preservaci\u00f3n de la memoria regional. Su inter\u00e9s tem\u00e1tico est\u00e1 centrado en la historia del periodo republicano comprendido entre 1819 y 1830\u201d, dice el folleto de presentaci\u00f3n del proyecto.<\/p>\n<p>Los ejes trasversales que establecen v\u00edas para acercarse al contexto original y esbozan preguntas sobre la realidad actual son los siguientes:<\/p>\n<p>1.- Toponimia. El origen del nombre Colombia.<\/p>\n<p>2.- Mapas. Im\u00e1genes cartogr\u00e1ficas que representaron el territorio grancolombiano.<\/p>\n<p>3.- Leyes. Breve historia constitucional para comprender la ideolog\u00eda imperante en la \u00e9poca.<\/p>\n<p>4.- Naci\u00f3n. \u00bfQu\u00e9 naci\u00f3n nac\u00eda con la Rep\u00fablica de Colombia?<\/p>\n<p>5.- Batallas. Despojadas de hero\u00edsmos, entendidas como momentos de tragedia humana y escenarios de juegos pol\u00edticos.<\/p>\n<p>6.- Libertad. Las guerras de independencia se asocian en el imaginario colectivo de las naciones americanas como las guerras por la libertad.<\/p>\n<p><strong>Foto: <a href=\"http:\/\/www.contraluzcucuta.co\">www.contraluzcucuta.co<\/a><\/strong><\/p>\n<p><strong>\u00a0<\/strong><\/p>\n<p>&nbsp;<\/p>\n<p>&nbsp; <\/p>\n","protected":false},"excerpt":{"rendered":"<p>C\u00daCUTA.- Una casona de la avenida 2 entre calles 14 y 15 albergar\u00eda el Centro Contempor\u00e1neo La Gran Colombia, proyecto cultural ambicioso que permitir\u00e1 a los cucute\u00f1os ponerse a la altura de las grandes ciudades colombianas. Para echar a andar este sue\u00f1o solo falta pedir en daci\u00f3n el inmueble al Gobierno. La inversi\u00f3n supera los &hellip;<\/p>\n","protected":false},"author":1,"featured_media":23810,"comment_status":"open","ping_status":"open","sticky":false,"template":"","format":"standard","meta":{"footnotes":""},"categories":[6,37],"tags":[375,2147],"class_list":["post-23809","post","type-post","status-publish","format-standard","has-post-thumbnail","hentry","category-ojo-avizor","category-paseo-cultural","tag-camara-de-comercio-de-cucuta","tag-centro-contemporaneo-la-gran-colombia"],"_links":{"self":[{"href":"https:\/\/contraluzcucuta.co\/index.php?rest_route=\/wp\/v2\/posts\/23809","targetHints":{"allow":["GET"]}}],"collection":[{"href":"https:\/\/contraluzcucuta.co\/index.php?rest_route=\/wp\/v2\/posts"}],"about":[{"href":"https:\/\/contraluzcucuta.co\/index.php?rest_route=\/wp\/v2\/types\/post"}],"author":[{"embeddable":true,"href":"https:\/\/contraluzcucuta.co\/index.php?rest_route=\/wp\/v2\/users\/1"}],"replies":[{"embeddable":true,"href":"https:\/\/contraluzcucuta.co\/index.php?rest_route=%2Fwp%2Fv2%2Fcomments&post=23809"}],"version-history":[{"count":1,"href":"https:\/\/contraluzcucuta.co\/index.php?rest_route=\/wp\/v2\/posts\/23809\/revisions"}],"predecessor-version":[{"id":23811,"href":"https:\/\/contraluzcucuta.co\/index.php?rest_route=\/wp\/v2\/posts\/23809\/revisions\/23811"}],"wp:featuredmedia":[{"embeddable":true,"href":"https:\/\/contraluzcucuta.co\/index.php?rest_route=\/wp\/v2\/media\/23810"}],"wp:attachment":[{"href":"https:\/\/contraluzcucuta.co\/index.php?rest_route=%2Fwp%2Fv2%2Fmedia&parent=23809"}],"wp:term":[{"taxonomy":"category","embeddable":true,"href":"https:\/\/contraluzcucuta.co\/index.php?rest_route=%2Fwp%2Fv2%2Fcategories&post=23809"},{"taxonomy":"post_tag","embeddable":true,"href":"https:\/\/contraluzcucuta.co\/index.php?rest_route=%2Fwp%2Fv2%2Ftags&post=23809"}],"curies":[{"name":"wp","href":"https:\/\/api.w.org\/{rel}","templated":true}]}}