{"id":23802,"date":"2015-04-03T07:22:03","date_gmt":"2015-04-03T12:22:03","guid":{"rendered":"http:\/\/contraluzcucuta.co\/?p=23802"},"modified":"2015-04-03T07:22:03","modified_gmt":"2015-04-03T12:22:03","slug":"charlas-con-poncio-pilato-lo-escrito-escrito-esta","status":"publish","type":"post","link":"https:\/\/contraluzcucuta.co\/?p=23802","title":{"rendered":"CHARLAS CON\u2026 Poncio Pilato, \u201clo escrito, escrito est\u00e1\u201d"},"content":{"rendered":"<p>Los cat\u00f3licos, a lo largo de la historia, recuerdan a Poncio Pilato con desagrado. Lo culpan de no haber detenido la muerte en la cruz de Jes\u00fas y de lavarse las manos para hacerse el inocente ante tan execrable crimen. Era gobernador de Judea en la \u00e9poca que sucedieron los hechos que marcaron el inicio del cristianismo y se convirti\u00f3 en la figura del Imperio Romano m\u00e1s evocada por millones de creyentes.<\/p>\n<p>Al menos desde el siglo II, los cristianos recitan en el Credo que Cristo \u00abpadeci\u00f3 bajo el poder\u00bb del prefecto romano y as\u00ed lo recuerdan por aquel proceso. Hoy, tantos a\u00f1os despu\u00e9s, accedi\u00f3 a hablar de ese momento hist\u00f3rico.<\/p>\n<p><strong>\u00bfQui\u00e9n fue Poncio Pilato?<\/strong><\/p>\n<p>Pertenec\u00ed a la noble familia de los Poncios, originaria probablemente del territorio samnita pr\u00f3ximo a Benevento (Italia).<\/p>\n<p><strong>\u00bfEra de linaje?<\/strong><\/p>\n<p>No. Pertenec\u00ed al orden ecuestre, no a la clase senatorial m\u00e1s aristocr\u00e1tica, por lo que a los ojos de mis superiores era \u00abun hombre obligado a &#8220;hacer carrera&#8221;\u00bb.<\/p>\n<p><strong>\u00bfQu\u00e9 cargo desempe\u00f1aba en la \u00e9poca de Jes\u00fas?<\/strong><\/p>\n<p>Fui el quinto prefecto de Judea, designado por Tiberio. Nadie conoce con seguridad ni d\u00f3nde nac\u00ed ni c\u00f3mo fue mi vida antes de llegar a esta provincia romana que gobern\u00e9 desde el a\u00f1o 26 al 36 d.C.<\/p>\n<p><strong>\u00bfQu\u00e9 recuerda de ese hecho que lo catapult\u00f3 en la historia?<\/strong><\/p>\n<p>Cuando recib\u00ed a Jes\u00fas, aquella v\u00edspera de la Pascua del a\u00f1o 784 de la fundaci\u00f3n de Roma, llevaba siete a\u00f1os al frente de esa conflictiva provincia romana cuya capital era Cesarea Mar\u00edtima, a unos 100 kil\u00f3metros de Jerusal\u00e9n. Contaba con cerca de 3000 soldados.<\/p>\n<p><strong>\u00bfEntonces, qu\u00e9 hac\u00eda en ese momento en la ciudad sagrada de los jud\u00edos? <\/strong><\/p>\n<p>Solo acud\u00eda a la ciudad en las fiestas y me alojaba en el palacio-fortaleza construido por Herodes el Grande. Ten\u00eda dos cohortes auxiliares de guarnici\u00f3n, con cuartel en la Torre Antonia.<\/p>\n<p><strong>\u00bfPor qu\u00e9 no impidi\u00f3 la muerte de Jes\u00fas?<\/strong><\/p>\n<p>Hay quienes me han tildado de cobarde por mi reprensible decisi\u00f3n de hacer que torturaran y mataran a Jes\u00fas para protegerme. Otros, sostienen que mi deber no era tanto el de sostener la justicia como el de promover la paz y los intereses romanos.<\/p>\n<p><strong>\u00bfC\u00f3mo le hubiera gustado que terminara ese proceso?<\/strong><\/p>\n<p>Gustosamente hubiera absuelto a Cristo, y hasta hice serios esfuerzos en esa direcci\u00f3n, pero ced\u00ed a la presi\u00f3n de inmediato cuando mi posici\u00f3n fue amenazada por los jerarcas jud\u00edos.<\/p>\n<p><strong>\u00bfLav\u00e1ndose las manos se sal\u00eda del problema?<\/strong><\/p>\n<p>Lavarse las manos era una costumbre jud\u00eda, no romana, con la que se daba a entender que uno no participaba en derramamiento de sangre. Eso hice.<\/p>\n<p><strong>\u00bfSu mujer lo advirti\u00f3 de que Jes\u00fas era inocente, por qu\u00e9 no acat\u00f3 sus palabras?<\/strong><\/p>\n<p>S\u00ed, es cierto. Ahora lo recuerdo. Claudia Pr\u00f3cula, me advirti\u00f3: \u00abNo te mezcles en el asunto de este justo, porque hoy, por su causa, tuve un sue\u00f1o que me hizo sufrir mucho\u00bb.<\/p>\n<p><strong>\u00bfQu\u00e9 pas\u00f3 con ella?<\/strong><\/p>\n<p>A Pr\u00f3cula se la venera como santa en la Iglesia Ortodoxa griega y en la et\u00edope.<\/p>\n<p><strong>\u00bfCree que tiene alguna deuda con Jes\u00fas?<\/strong><\/p>\n<p>Ning\u00fan juez puede con justicia condenar a un hombre al que considera inocente. De no haber sido por mi encuentro con Jes\u00fas, seguramente, ser\u00eda un nombre m\u00e1s en los libros de historia.<\/p>\n<p><strong>Flavio Josefo y Fil\u00f3n de Alejandr\u00eda lo describen como un hombre cruel. \u00bfComparte ese calificativo?<\/strong><\/p>\n<p>Creo que se quedan cortos. Muchos dicen que me caracterizaba por mi venalidad, la violencia, los robos, los asaltos, la conducta abusiva, las frecuentes ejecuciones de prisioneros que no hab\u00edan sido juzgados y la ferocidad sin l\u00edmite.<\/p>\n<p><strong>\u00bfPor qu\u00e9 le gustaba provocar a los jud\u00edos?<\/strong><\/p>\n<p>Eso no es cierto. Fui nombrado para gobernar y solo actuaba de acuerdo con mi parecer. Introduje en Jerusal\u00e9n unos estandartes con el busto de Tiberio, que originaron revuelo. Ced\u00ed y los retir\u00e9. Luego, utilic\u00e9 dinero del Templo para construir un acueducto. En esa ocasi\u00f3n la ira jud\u00eda fue duramente reprimida.<\/p>\n<p><strong>\u00bfTambi\u00e9n se meti\u00f3 con los samaritanos?<\/strong><\/p>\n<p>En el a\u00f1o 35 tambi\u00e9n los reprim\u00ed con violencia en el monte Garizim y ejecut\u00e9 a los dirigentes.<\/p>\n<p><strong>Esa acci\u00f3n no gust\u00f3 mucho entre sus superiores\u2026<\/strong><\/p>\n<p>S\u00ed, qu\u00e9 vainas.\u00a0 Vitelio, legado de Siria, me orden\u00f3 que volviera a Roma para dar cuenta al emperador. Cuando llegu\u00e9, en la primavera del 37, Tiberio hab\u00eda muerto no hac\u00eda mucho.<\/p>\n<p><strong>Desde entonces usted desapareci\u00f3 de la vista de romanos, jud\u00edos e historiadores. \u00bfQu\u00e9 se hizo?<\/strong><\/p>\n<p>Muchos han intentado llenar las lagunas. Se ha dicho que me convert\u00ed al cristianismo. La Iglesia Ortodoxa Et\u00edope y la copta egipcia me veneran como \u2018santo\u2019. Algunos textos ap\u00f3crifos me asignan incluso un final de m\u00e1rtir. No obstante, mi suerte sigue siendo materia de especulaci\u00f3n.<\/p>\n<p><strong>En el mundo actual se tiene otra visi\u00f3n de su figura \u00bfla comparte?<\/strong><\/p>\n<p>No mucho, porque dicen que me he convertido en s\u00edmbolo tradicional de la vileza y de la sumisi\u00f3n a los bajos intereses de la pol\u00edtica. Hoy, hay otros peores que Yo.<\/p>\n<p><strong>Eusebio, escritor de finales del siglo tercero y principios del cuarto, fue el primero de muchos que dijeron que usted se suicid\u00f3, como lo hizo Judas Iscariote. \u00bfQu\u00e9 hay de cierto en esa versi\u00f3n?<\/strong><\/p>\n<p>Lo cierto es que pocos saben con seguridad c\u00f3mo y d\u00f3nde ocurri\u00f3 m\u00ed muerte. Una leyenda cuenta que me mat\u00e9 con un cuchillo y que mi cuerpo fue atado a una rueda de molino y arrojado al T\u00edber, pero se perturbaron las aguas, por lo que fui llevado a Vienne y hundido en el R\u00f3dano. Como volvi\u00f3 a ocurrir lo mismo, me llevaron hasta un lago de una monta\u00f1a cercana a Lucerna (Suiza), a\u00fan hoy llamada Pilato.<\/p>\n<p><strong>\u00bfEs cierto eso? O lo desterraron\u2026<\/strong><\/p>\n<p>Otros creen que fui cesado y desterrado a la Galia donde fallec\u00ed.<\/p>\n<p><strong>\u00bfTodo lo dicho sobre usted es verdad?<\/strong><\/p>\n<p>Lo escrito, escrito est\u00e1.<\/p>\n<p><strong>RAFAEL ANTONIO PAB\u00d3N<\/strong><\/p>\n<p><strong><a href=\"mailto:rafaelpabon58@hotmail.com\">rafaelpabon58@hotmail.com<\/a><\/strong><\/p>\n<p><strong>Art\u00edculo adaptado de las versiones originales:<\/strong><\/p>\n<p><strong><a href=\"http:\/\/wol.jw.org\/es\/wol\/d\/r4\/lp-s\/2005683\">http:\/\/wol.jw.org\/es\/wol\/d\/r4\/lp-s\/2005683<\/a><\/strong><\/p>\n<p><strong><a href=\"http:\/\/www.abc.es\/sociedad\/20140418\/abci-quien-poncio-pilato-201404071415.html\">http:\/\/www.abc.es\/sociedad\/20140418\/abci-quien-poncio-pilato-201404071415.html<\/a><\/strong><\/p>\n<p>Foto:\u00a0http:\/\/juancarlosboverivoz.blogspot.com\/2011\/04\/poncio-pilato.html <\/p>\n","protected":false},"excerpt":{"rendered":"<p>Los cat\u00f3licos, a lo largo de la historia, recuerdan a Poncio Pilato con desagrado. Lo culpan de no haber detenido la muerte en la cruz de Jes\u00fas y de lavarse las manos para hacerse el inocente ante tan execrable crimen. Era gobernador de Judea en la \u00e9poca que sucedieron los hechos que marcaron el inicio &hellip;<\/p>\n","protected":false},"author":1,"featured_media":23803,"comment_status":"open","ping_status":"open","sticky":false,"template":"","format":"standard","meta":{"footnotes":""},"categories":[51,4],"tags":[2144,2143],"class_list":["post-23802","post","type-post","status-publish","format-standard","has-post-thumbnail","hentry","category-charlas-con","category-barra","tag-lo-escrito-escrito-esta","tag-poncio-pilato"],"_links":{"self":[{"href":"https:\/\/contraluzcucuta.co\/index.php?rest_route=\/wp\/v2\/posts\/23802","targetHints":{"allow":["GET"]}}],"collection":[{"href":"https:\/\/contraluzcucuta.co\/index.php?rest_route=\/wp\/v2\/posts"}],"about":[{"href":"https:\/\/contraluzcucuta.co\/index.php?rest_route=\/wp\/v2\/types\/post"}],"author":[{"embeddable":true,"href":"https:\/\/contraluzcucuta.co\/index.php?rest_route=\/wp\/v2\/users\/1"}],"replies":[{"embeddable":true,"href":"https:\/\/contraluzcucuta.co\/index.php?rest_route=%2Fwp%2Fv2%2Fcomments&post=23802"}],"version-history":[{"count":1,"href":"https:\/\/contraluzcucuta.co\/index.php?rest_route=\/wp\/v2\/posts\/23802\/revisions"}],"predecessor-version":[{"id":23804,"href":"https:\/\/contraluzcucuta.co\/index.php?rest_route=\/wp\/v2\/posts\/23802\/revisions\/23804"}],"wp:featuredmedia":[{"embeddable":true,"href":"https:\/\/contraluzcucuta.co\/index.php?rest_route=\/wp\/v2\/media\/23803"}],"wp:attachment":[{"href":"https:\/\/contraluzcucuta.co\/index.php?rest_route=%2Fwp%2Fv2%2Fmedia&parent=23802"}],"wp:term":[{"taxonomy":"category","embeddable":true,"href":"https:\/\/contraluzcucuta.co\/index.php?rest_route=%2Fwp%2Fv2%2Fcategories&post=23802"},{"taxonomy":"post_tag","embeddable":true,"href":"https:\/\/contraluzcucuta.co\/index.php?rest_route=%2Fwp%2Fv2%2Ftags&post=23802"}],"curies":[{"name":"wp","href":"https:\/\/api.w.org\/{rel}","templated":true}]}}