{"id":23796,"date":"2015-04-02T20:47:42","date_gmt":"2015-04-03T01:47:42","guid":{"rendered":"http:\/\/contraluzcucuta.co\/?p=23796"},"modified":"2015-04-02T20:47:42","modified_gmt":"2015-04-03T01:47:42","slug":"nota-social-camilo-manuela-y-mauricio-nuevos-ingenieros","status":"publish","type":"post","link":"https:\/\/contraluzcucuta.co\/?p=23796","title":{"rendered":"NOTA SOCIAL. Camilo, Manuela y Mauricio, nuevos ingenieros"},"content":{"rendered":"<p><strong>MEDELL\u00cdN.-<\/strong> Manuela, Mauricio y Camilo. Hoy, la alegr\u00eda que sintieron al recibir el grado como profesionales nos corresponde expresarla a nosotros, como padres, familiares y amigos. Juan Gonzalo y Nena, Marco y Rosalba, Myriam y Yo, solo tenemos palabras de aliento para ustedes, porque de aqu\u00ed en adelante comienzan otra etapa en la vida. Las responsabilidades crecen y los problemas aumentan. Los ni\u00f1os comienzan a pensar como adultos y miran el porvenir de manera diferente.<\/p>\n<p>Este momento grandioso, ansiado en cada familia, es significativo por el esfuerzo de sus padres para apoyarlos en cada decisi\u00f3n tomada y en cada determinaci\u00f3n asumida para cumplir las metas propuestas. Seguro, pasaron momentos dif\u00edciles, representados en trasnochos, viajes largos, insomnio, jornadas con hambre, traslados a sitios impensados, recorte en diversi\u00f3n, retrasos en el aprovechamiento del tiempo libre y muchos otros de esos aspectos que disfrutan los j\u00f3venes de su edad.<\/p>\n<p>Para el caso de Mauricio y Camilo separarse de la casa, dejar las costumbres cucute\u00f1as para aprender a convivir al mejor estilo paisa, abandonar los amigos para buscar nuevos compa\u00f1eros y cambiar una ciudad peque\u00f1a por esta metr\u00f3poli fue dif\u00edcil. Sin embargo, supieron sobreponerse y hoy coronan el sue\u00f1o con el que despertaron un d\u00eda en C\u00facuta y que ahora es realidad en Medell\u00edn.<\/p>\n<p>A Manuela no le result\u00f3 m\u00e1s f\u00e1cil el camino, pero tener al lado a los padres le daba la garant\u00eda de contar con esa voz de aliento indispensable para superar los obst\u00e1culos. Esa ganancia la supo compartir y el resultado es que hoy est\u00e1n los tres en plena celebraci\u00f3n y a nuestro lado.<\/p>\n<p>Como padres, a la universidad Nacional, sede Antioquia, le entregamos unos j\u00f3venes reci\u00e9n salidos del colegio, inmaduros en algunos aspectos, consentidos, desconocedores del mundo que comenzaban a explorar, pero cargados de ilusiones y con el deseo de aprovechar esa oportunidad ofrecida por la vida.<\/p>\n<p>Hoy, recibimos a una mujer y dos hombres formados en valores, con conocimientos, con un t\u00edtulo profesional, con la mente despejada, con el futuro seguro, \u00a0con la mirada puesta en el porvenir. La misma universidad nos devuelve a unos hijos maduros, grandes en pensamientos, inquietos por el saber, diligentes para demostrar lo aprendido en las aulas y so\u00f1adores.<\/p>\n<p>A Dios elevamos nuestra oraci\u00f3n para agradecer este gran favor recibido. De ahora en adelante quedamos en deuda y confiamos en que el ejemplo que Manuela, Mauricio y Camilo den con su vida profesional lo reciba como paga. En sus manos ponemos a nuestros hijos hechos ingenieros, como se los pusimos a\u00f1os atr\u00e1s cuando apenas ingresaban a la universidad.<\/p>\n<p>Familiares y amigos, a ustedes, que estuvieron pendientes del desarrollo de nuestros muchachos y que de una u otra manera siempre quisieron saber qu\u00e9 ocurr\u00eda con ellos, muchas gracias por el apoyo moral y espiritual que les ofrecieron y nos dieron. Sin ese aliento el camino hubiera mostrado m\u00e1s obst\u00e1culos y las espinas de las rosas hubieran lastimado m\u00e1s.<\/p>\n<p><strong>RAFAEL ANTONIO PAB\u00d3N<\/strong><\/p>\n<p><strong><a href=\"mailto:rafaelpabon58@hotmail.com\">rafaelpabon58@hotmail.com<\/a><\/strong><\/p>\n<p><strong>Foto: <a href=\"http:\/\/www.contraluzcucuta.co\">www.contraluzcucuta.co<\/a><\/strong><\/p>\n<p>&nbsp; <\/p>\n","protected":false},"excerpt":{"rendered":"<p>MEDELL\u00cdN.- Manuela, Mauricio y Camilo. Hoy, la alegr\u00eda que sintieron al recibir el grado como profesionales nos corresponde expresarla a nosotros, como padres, familiares y amigos. Juan Gonzalo y Nena, Marco y Rosalba, Myriam y Yo, solo tenemos palabras de aliento para ustedes, porque de aqu\u00ed en adelante comienzan otra etapa en la vida. Las &hellip;<\/p>\n","protected":false},"author":1,"featured_media":23797,"comment_status":"open","ping_status":"open","sticky":false,"template":"","format":"standard","meta":{"footnotes":""},"categories":[7,4],"tags":[2139],"class_list":["post-23796","post","type-post","status-publish","format-standard","has-post-thumbnail","hentry","category-acontecimientos","category-barra","tag-universidad-nacional-sede-antioquia"],"_links":{"self":[{"href":"https:\/\/contraluzcucuta.co\/index.php?rest_route=\/wp\/v2\/posts\/23796","targetHints":{"allow":["GET"]}}],"collection":[{"href":"https:\/\/contraluzcucuta.co\/index.php?rest_route=\/wp\/v2\/posts"}],"about":[{"href":"https:\/\/contraluzcucuta.co\/index.php?rest_route=\/wp\/v2\/types\/post"}],"author":[{"embeddable":true,"href":"https:\/\/contraluzcucuta.co\/index.php?rest_route=\/wp\/v2\/users\/1"}],"replies":[{"embeddable":true,"href":"https:\/\/contraluzcucuta.co\/index.php?rest_route=%2Fwp%2Fv2%2Fcomments&post=23796"}],"version-history":[{"count":1,"href":"https:\/\/contraluzcucuta.co\/index.php?rest_route=\/wp\/v2\/posts\/23796\/revisions"}],"predecessor-version":[{"id":23798,"href":"https:\/\/contraluzcucuta.co\/index.php?rest_route=\/wp\/v2\/posts\/23796\/revisions\/23798"}],"wp:featuredmedia":[{"embeddable":true,"href":"https:\/\/contraluzcucuta.co\/index.php?rest_route=\/wp\/v2\/media\/23797"}],"wp:attachment":[{"href":"https:\/\/contraluzcucuta.co\/index.php?rest_route=%2Fwp%2Fv2%2Fmedia&parent=23796"}],"wp:term":[{"taxonomy":"category","embeddable":true,"href":"https:\/\/contraluzcucuta.co\/index.php?rest_route=%2Fwp%2Fv2%2Fcategories&post=23796"},{"taxonomy":"post_tag","embeddable":true,"href":"https:\/\/contraluzcucuta.co\/index.php?rest_route=%2Fwp%2Fv2%2Ftags&post=23796"}],"curies":[{"name":"wp","href":"https:\/\/api.w.org\/{rel}","templated":true}]}}