{"id":23787,"date":"2015-03-30T18:07:43","date_gmt":"2015-03-30T23:07:43","guid":{"rendered":"http:\/\/contraluzcucuta.co\/?p=23787"},"modified":"2015-03-30T18:07:43","modified_gmt":"2015-03-30T23:07:43","slug":"necrologia-adios-o-despedida-a-un-amigo-y-maestro-de-la-musica","status":"publish","type":"post","link":"https:\/\/contraluzcucuta.co\/?p=23787","title":{"rendered":"NECROLOG\u00cdA. Adi\u00f3s o despedida a un amigo y\u00a0 maestro\u00a0 de la m\u00fasica"},"content":{"rendered":"<p>1.- En compa\u00f1\u00eda de cientos de personas y en una demostraci\u00f3n de afecto y solidaridad clara, evidente\u00a0 y de enorme proyecci\u00f3n, ante las actitudes insulares, aisladas y carentes que muchas veces se generan entre nosotros, porque la identidad y el esp\u00edritu de pertenencia solo bulle y surge espont\u00e1neo en acontecimientos especiales, como el que gener\u00f3 el maestro, porque fue un gran educador, Manuel Antonio Alvarado Casta\u00f1eda, el popular y famoso compositor\u00a0 y m\u00fasico que en los actos de despedida de su gran trayectoria congestion\u00f3 la avenida Quinta y llen\u00f3 la Catedral de San Jos\u00e9, a partir de las 10:00 de la ma\u00f1ana, del 25 de marzo, cuando su esposa, hijos, nietos y dem\u00e1s familiares y amigos, con la compa\u00f1\u00eda vibrante de los integrantes de su orquesta -que interpretaron obras inolvidables e impactantes, llevaron hasta las inmediaciones del\u00a0 altar mayor los restos mortales, de quien se desped\u00eda\u00a0 de todos y estos\u00a0 le dec\u00edan adi\u00f3s con el coraz\u00f3n apretujado ante el vibrar y el ritmo de todo aquello que constituye la identidad y la pertenencia de nuestro sentir musical.<\/p>\n<p>Escuchar \u2013en medio de un silencio absorbente y\u00a0 desgarrador &#8211;\u00a0 el impacto que las notas provocaban en quienes \u00e9ramos espectadores y participes &#8211;\u00a0 sabiendo que nos hall\u00e1bamos ante el final de una vida que fue ejemplo de entrega, daci\u00f3n y vigor, fue una experiencia franca y alentadora, que la conformaban no solo los m\u00fasicos, sus m\u00e1s inmediatos amigos y cooperadores, sino todos los que se deten\u00edan en el parque Santander o\u00a0 frente y\u00a0 a los lados del atrio\u00a0 de la Catedral, para posteriormente\u00a0 ingresar y participar en\u00a0 los oficios religiosos y las palabras del p\u00e1rroco Juan Carlos Calder\u00f3n, el alcalde Donamaris Ram\u00edrez y el parlamentario Juan Manuel Corzo,\u00a0 vocero del Congreso de la Rep\u00fablica, despu\u00e9s de los merecidos reconocimientos que recibieron la esposa y el resto de la familia, que tuvo por eje y pilar a Manuel Antonio Alvarado Casta\u00f1eda.<\/p>\n<p>2.- Fue un suceso sincero y ejemplar que convoc\u00f3 a la comunidad en todas sus manifestaciones y porque se iba un art\u00edfice de manifestaciones sonoras, que todos de alguna manera llevamos en nuestro interior sensitivo y que nos hace recordar y revivir momentos del ayer o instantes de entusiasmo y satisfacci\u00f3n, en una o varias de las etapas que nos vinculan, comprometen con el sentir de las Brisas del Pamplonita o los bambucos y composiciones que nos facilitan constatar que estamos vivos y lo que somos.<\/p>\n<p>3.- El homenaje \u2013 porque as\u00ed fue y adem\u00e1s espont\u00e1neo y masivo, lo que le ofreci\u00f3 C\u00facuta, a este gran exponente nortesantandereano\u00a0 y fronterizo \u2013despert\u00f3 el inter\u00e9s de ubicar en diferentes sitios o espacios importantes de la ciudad, recuerdos y registros que mantengan la llama del reconocimiento permanente y p\u00fablico para todos aquellos que como\u00a0 en el caso de este destacado m\u00fasico y compositor obligan a no olvidarlos\u00a0 y a destacarlos como leg\u00edtimos exponentes, de lo que es y representa esta esquina de la rep\u00fablica y capital de la integraci\u00f3n en Am\u00e9rica Latina.<\/p>\n<p>No dudo de que al llegar al cielo y despu\u00e9s de exponer su trayectoria vital y sus anhelos, los \u00e1ngeles y sus compa\u00f1eros m\u00fasicos, que lo esperaban- como es posible imaginarlo- deben estar preparando lo que su inspiraci\u00f3n debe haberle prodigado para proseguir haciendo vibrar a todo lo que exprese vida y sentimientos de amor.<\/p>\n<p><strong>Notas al margen<\/strong><\/p>\n<p><strong>JOS\u00c9 NEIRA REY<\/strong><\/p>\n<p><strong><a href=\"mailto:jneirarey@hotmail.com\">jneirarey@hotmail.com<\/a><\/strong><\/p>\n<p><strong>\u00a0Foto:<a class=\"_ZR irc_hol\" style=\"font-weight: normal; color: #7d7d7d;\" href=\"https:\/\/www.google.com.co\/url?sa=i&amp;rct=j&amp;q=&amp;esrc=s&amp;source=images&amp;cd=&amp;cad=rja&amp;uact=8&amp;ved=0CAYQjB0&amp;url=http%3A%2F%2Forquestaalvarado.blogspot.com%2Fp%2Falgunas-de-nuestras-fotos.html&amp;ei=dNYZVYHPIcPZU57rgogF&amp;bvm=bv.89381419,d.cWc&amp;psig=AFQjCNGm1Hct-3Z4V0Uof3CgO0UpPe9-Zg&amp;ust=1427843052198092\" data-ved=\"0CAYQjB0\" data-href=\"http:\/\/orquestaalvarado.blogspot.com\/p\/algunas-de-nuestras-fotos.html\"><span class=\"irc_ho\" dir=\"ltr\" style=\"color: #7d7d7d;\">orquestaalvarado.blogspot.com<\/span><\/a>\u00a0<\/strong> <\/p>\n","protected":false},"excerpt":{"rendered":"<p>1.- En compa\u00f1\u00eda de cientos de personas y en una demostraci\u00f3n de afecto y solidaridad clara, evidente\u00a0 y de enorme proyecci\u00f3n, ante las actitudes insulares, aisladas y carentes que muchas veces se generan entre nosotros, porque la identidad y el esp\u00edritu de pertenencia solo bulle y surge espont\u00e1neo en acontecimientos especiales, como el que gener\u00f3 &hellip;<\/p>\n","protected":false},"author":1,"featured_media":23788,"comment_status":"open","ping_status":"open","sticky":false,"template":"","format":"standard","meta":{"footnotes":""},"categories":[4,1967],"tags":[2136,1948],"class_list":["post-23787","post","type-post","status-publish","format-standard","has-post-thumbnail","hentry","category-barra","category-necrologias","tag-manuel-alvarado","tag-necrologias-cucutenas"],"_links":{"self":[{"href":"https:\/\/contraluzcucuta.co\/index.php?rest_route=\/wp\/v2\/posts\/23787","targetHints":{"allow":["GET"]}}],"collection":[{"href":"https:\/\/contraluzcucuta.co\/index.php?rest_route=\/wp\/v2\/posts"}],"about":[{"href":"https:\/\/contraluzcucuta.co\/index.php?rest_route=\/wp\/v2\/types\/post"}],"author":[{"embeddable":true,"href":"https:\/\/contraluzcucuta.co\/index.php?rest_route=\/wp\/v2\/users\/1"}],"replies":[{"embeddable":true,"href":"https:\/\/contraluzcucuta.co\/index.php?rest_route=%2Fwp%2Fv2%2Fcomments&post=23787"}],"version-history":[{"count":1,"href":"https:\/\/contraluzcucuta.co\/index.php?rest_route=\/wp\/v2\/posts\/23787\/revisions"}],"predecessor-version":[{"id":23789,"href":"https:\/\/contraluzcucuta.co\/index.php?rest_route=\/wp\/v2\/posts\/23787\/revisions\/23789"}],"wp:featuredmedia":[{"embeddable":true,"href":"https:\/\/contraluzcucuta.co\/index.php?rest_route=\/wp\/v2\/media\/23788"}],"wp:attachment":[{"href":"https:\/\/contraluzcucuta.co\/index.php?rest_route=%2Fwp%2Fv2%2Fmedia&parent=23787"}],"wp:term":[{"taxonomy":"category","embeddable":true,"href":"https:\/\/contraluzcucuta.co\/index.php?rest_route=%2Fwp%2Fv2%2Fcategories&post=23787"},{"taxonomy":"post_tag","embeddable":true,"href":"https:\/\/contraluzcucuta.co\/index.php?rest_route=%2Fwp%2Fv2%2Ftags&post=23787"}],"curies":[{"name":"wp","href":"https:\/\/api.w.org\/{rel}","templated":true}]}}