{"id":23693,"date":"2015-03-12T16:10:11","date_gmt":"2015-03-12T21:10:11","guid":{"rendered":"http:\/\/contraluzcucuta.co\/?p=23693"},"modified":"2015-03-15T15:51:07","modified_gmt":"2015-03-15T20:51:07","slug":"sueno-cumplido-carlitos-se-vistio-y-vivio-como-coronel-de-la-policia","status":"publish","type":"post","link":"https:\/\/contraluzcucuta.co\/?p=23693","title":{"rendered":"SUE\u00d1O CUMPLIDO. Carlitos se visti\u00f3 y vivi\u00f3 como coronel de la polic\u00eda"},"content":{"rendered":"<p><strong>CHIN\u00c1COTA &#8211; Norte de Santander.- <\/strong>Carlos Delgado Rozo, de 13 a\u00f1os, naci\u00f3 con epiderm\u00f3lisis bullosa (piel de cristal). A pesar de padecer la enfermedad, es ejemplo de vida. Las ganas de vivir y de so\u00f1ar no la ha truncado la discapacidad. Un\u00a0 d\u00eda dijo que deseaba ser polic\u00eda y lo consigui\u00f3.<\/p>\n<p>La instituci\u00f3n le permiti\u00f3 hacer realidad ese anhelo por un d\u00eda. Desde la casa, ubicada en la zona rural de Chin\u00e1cota, Carlos y su madre Nohora Gisela, fueron trasladados por agentes de la Seccional de Protecci\u00f3n y Servicios Especiales de la Polic\u00eda hasta C\u00facuta. En la capital del departamento estaba preparada la ceremonia especial en la que har\u00eda realidad el sue\u00f1o de lucir el uniforme verde.<\/p>\n<p>Recibi\u00f3 el grado de coronel y conoci\u00f3 las especialidades de la instituci\u00f3n policial, mont\u00f3 en motocicleta de la seccional de Tr\u00e1nsito y Transporte y se integr\u00f3 con ni\u00f1os hijos de Polic\u00edas.<\/p>\n<p>En una sala de cine de la ciudad vio por primera vez la proyecci\u00f3n de una pel\u00edcula en 3D. Por el rango de oficial que ostent\u00f3, estuvo \u00a0acompa\u00f1ado por los \u2018subalternos\u2019.<\/p>\n<p>En el comando de la polic\u00eda se llev\u00f3 a cabo el almuerzo de compa\u00f1eros en su honor y se le entreg\u00f3 el escudo del Departamento de Polic\u00eda Norte de Santander. La actividad fue liderada por el coronel Jhon Jairo Aroca.<\/p>\n<p>La epiderm\u00f3lisis bullosa (piel de cristal) es un conjunto de enfermedades o trastornos de la piel trasmitidas gen\u00e9ticamente y que se manifiestan por la aparici\u00f3n de ampollas, \u00falceras y heridas en la piel.<\/p>\n<p>&nbsp; <\/p>\n","protected":false},"excerpt":{"rendered":"<p>CHIN\u00c1COTA &#8211; Norte de Santander.- Carlos Delgado Rozo, de 13 a\u00f1os, naci\u00f3 con epiderm\u00f3lisis bullosa (piel de cristal). A pesar de padecer la enfermedad, es ejemplo de vida. Las ganas de vivir y de so\u00f1ar no la ha truncado la discapacidad. Un\u00a0 d\u00eda dijo que deseaba ser polic\u00eda y lo consigui\u00f3. La instituci\u00f3n le permiti\u00f3 &hellip;<\/p>\n","protected":false},"author":1,"featured_media":23694,"comment_status":"open","ping_status":"open","sticky":false,"template":"","format":"standard","meta":{"footnotes":""},"categories":[11,10,36],"tags":[1989,576,1222],"class_list":["post-23693","post","type-post","status-publish","format-standard","has-post-thumbnail","hentry","category-cronica-roja","category-cronicas","category-la-voz-del-pueblo","tag-denor","tag-policia-de-norte-de-santander","tag-sueno-cumplido"],"_links":{"self":[{"href":"https:\/\/contraluzcucuta.co\/index.php?rest_route=\/wp\/v2\/posts\/23693","targetHints":{"allow":["GET"]}}],"collection":[{"href":"https:\/\/contraluzcucuta.co\/index.php?rest_route=\/wp\/v2\/posts"}],"about":[{"href":"https:\/\/contraluzcucuta.co\/index.php?rest_route=\/wp\/v2\/types\/post"}],"author":[{"embeddable":true,"href":"https:\/\/contraluzcucuta.co\/index.php?rest_route=\/wp\/v2\/users\/1"}],"replies":[{"embeddable":true,"href":"https:\/\/contraluzcucuta.co\/index.php?rest_route=%2Fwp%2Fv2%2Fcomments&post=23693"}],"version-history":[{"count":1,"href":"https:\/\/contraluzcucuta.co\/index.php?rest_route=\/wp\/v2\/posts\/23693\/revisions"}],"predecessor-version":[{"id":23695,"href":"https:\/\/contraluzcucuta.co\/index.php?rest_route=\/wp\/v2\/posts\/23693\/revisions\/23695"}],"wp:featuredmedia":[{"embeddable":true,"href":"https:\/\/contraluzcucuta.co\/index.php?rest_route=\/wp\/v2\/media\/23694"}],"wp:attachment":[{"href":"https:\/\/contraluzcucuta.co\/index.php?rest_route=%2Fwp%2Fv2%2Fmedia&parent=23693"}],"wp:term":[{"taxonomy":"category","embeddable":true,"href":"https:\/\/contraluzcucuta.co\/index.php?rest_route=%2Fwp%2Fv2%2Fcategories&post=23693"},{"taxonomy":"post_tag","embeddable":true,"href":"https:\/\/contraluzcucuta.co\/index.php?rest_route=%2Fwp%2Fv2%2Ftags&post=23693"}],"curies":[{"name":"wp","href":"https:\/\/api.w.org\/{rel}","templated":true}]}}