{"id":23674,"date":"2015-03-08T10:01:45","date_gmt":"2015-03-08T15:01:45","guid":{"rendered":"http:\/\/contraluzcucuta.co\/?p=23674"},"modified":"2015-03-12T16:34:19","modified_gmt":"2015-03-12T21:34:19","slug":"notas-al-margen-la-frontera-necesita-transformarse","status":"publish","type":"post","link":"https:\/\/contraluzcucuta.co\/?p=23674","title":{"rendered":"NOTAS AL MARGEN. La frontera necesita transformarse"},"content":{"rendered":"<p>1.- La usencia de una interacci\u00f3n permanente &#8211; de hombres y mujeres \u00a0&#8211; y de unas bases de entendimiento claras y precisas sobre lo que son y representan la vivencia y la comunidad fronteriza, debidamente sustentadas y respaldadas por fraternas e integracionistas pol\u00edticas de Estado, que adem\u00e1s incentiven, proyecten y estimulen el desarrollo de estas \u00e1reas y zonas de importante e incuestionable complementaci\u00f3n, le est\u00e1 haciendo da\u00f1o y afecta seriamente a iniciativas y proyectos, que con sello y car\u00e1cter binacional\u00a0 o simplemente de origen fronterizo, se han formulado hace muchos a\u00f1os, pero que la inoperancia politiquera\u00a0 y el exagerado centralismo han postergado y sin que a uno y otro lado de la frontera se constituya y emerja una Comisi\u00f3n Binacional que agite, canalice y dinamice, mediante la combinaci\u00f3n de sectores p\u00fablicos y privados lo que se necesita y que a gritos piden pobladores y visitantes, pero especialmente los desocupados, los informales y los rebuscadores, que al no hallar fuentes de empleo, capacitaci\u00f3n y una visi\u00f3n de futuro m\u00e1s abierta y provechosa distraen y disipan los objetivos y oficios que deber\u00edan emplear quienes ocupan las posiciones de mando y de poder, dado que no se capta, ni se observa ni se escucha que gobernadores, alcaldes y miembros de las m\u00e1s importantes juntas directivas de las entidades establezcan v\u00ednculos de acercamiento\u00a0 y trabajo compartido con objetivos realizables, mediante estrategias conjuntas y reciamente compartidas.<\/p>\n<p>2.- S\u00ed, el problema fronterizo sigue vivo, porque no hay luces, ni r\u00e1fagas acentuadas sobre lo b\u00e1sico y lo primario, ni avances sobre las gestiones que encaminen voluntades y empe\u00f1os hacia el mejoramiento infraestructural, los servicios elementales y b\u00e1sicos, as\u00ed como en labores que exijan un esfuerzo de coparticipaciones evidentes.<\/p>\n<p>\u00bfCu\u00e1nto hace que no hay reuni\u00f3n entre gobernadores, alcaldes, C\u00e1maras de Comercio, gremios profesionales y laborales?\u00a0 \u00bfCu\u00e1ntos eventos culturales, deportivos o de interrelaci\u00f3n y a diverso nivel se cumplen? \u00bfQu\u00e9 plantean las Academias de Historia, ubicadas a uno y otro lado de los l\u00edmites? \u00bfDistinto a lo definido por la ley 43 de 1973 \u2013 llamada de 1975 \u2013que alude a importantes aspectos, pero que infortunadamente no se han cumplido, que est\u00e1 en camino en torno al Complejo Hist\u00f3rico de la Villa del Rosario, sin lugar a dudas el sitio de mayor referencia integracionista de Am\u00e9rica Latina? \u00bfQu\u00e9 pas\u00f3 con el Conjunto Recreacional Andino, aprobado por el Conpes, en 1985, y en procura de un Parque Especial\u00a0 de Diversiones, para impulsar el turismo y la sana expansi\u00f3n, ubicado entre Palo Gordo y Juan Fr\u00edo, en Villa del Rosario? \u00bfQu\u00e9 pas\u00f3 con el verdadero Aeropuerto Internacional de C\u00facuta y la agilizaci\u00f3n de la\u00a0 movilidad y controles por los puentes internacionales, m\u00e1s los nexos de uni\u00f3n entre universidades, para mejorar la investigaci\u00f3n de lo nuestro? Y, no aludo a la Zona Franca, y a la urgente industrializaci\u00f3n, porque da hasta pena reconocer que a los dolientes no nos dan cabida.<\/p>\n<p>3. S\u00ed, es una falla conjunta, que la frontera m\u00e1s importante y viva de Am\u00e9rica del Sur siga marginada, abandonada y sin que los m\u00e1s obligados y comprometidos en la b\u00fasqueda y hallazgo de ejemplarizantes soluciones dominen el panorama p\u00fablico, pero sin que surjan renovaciones y l\u00edderes comprometidos con el\u00a0 cambio y transformaci\u00f3n que entre nosotros debe darse, si en\u00a0 verdad queremos subsistir, competir y progresar.<\/p>\n<p>Ojala &#8211; y pronto &#8211;\u00a0 se escuche y vea la convocatoria amplia y generosa \u00a0en\u00a0 las dos \u00e1reas y zonas de frontera lim\u00edtrofes para conformar el\u00a0 movimiento binacional fronterizo, en procura del pleno desarrollo y el inicio de relaciones reales y comprensivas, entre las vecindades\u00a0 y con los respectivos centros nacionales.<\/p>\n<p><strong>JOS\u00c9 NEIRA REY<\/strong><\/p>\n<p><a href=\"mailto:jneirarey@hotmail.com\">jneirarey@hotmail.com<\/a><\/p>\n<p>Foto:\u00a0<a class=\"_ZR irc_hol\" style=\"color: #d6d6d6;\" href=\"https:\/\/www.google.com.co\/url?sa=i&amp;rct=j&amp;q=&amp;esrc=s&amp;source=images&amp;cd=&amp;cad=rja&amp;uact=8&amp;ved=0CAYQjB0&amp;url=http%3A%2F%2Fwww.elvenezolanohouston.com%2Fdetalle.php%3Fi%3Dn5KsmQ%3D%3D&amp;ei=-mP8VOj_JYWjNsCthNgL&amp;bvm=bv.87611401,d.eXY&amp;psig=AFQjCNHqylD1yqB0XkkDfTZR-V0H4ICH9A&amp;ust=1425913204420109\" data-ved=\"0CAYQjB0\" data-href=\"http:\/\/www.elvenezolanohouston.com\/detalle.php?i=n5KsmQ==\"><span class=\"irc_ho\" dir=\"ltr\" style=\"color: #d6d6d6;\">www.elvenezolanohouston.com<\/span><\/a><\/p>\n<p>&nbsp; <\/p>\n","protected":false},"excerpt":{"rendered":"<p>1.- La usencia de una interacci\u00f3n permanente &#8211; de hombres y mujeres \u00a0&#8211; y de unas bases de entendimiento claras y precisas sobre lo que son y representan la vivencia y la comunidad fronteriza, debidamente sustentadas y respaldadas por fraternas e integracionistas pol\u00edticas de Estado, que adem\u00e1s incentiven, proyecten y estimulen el desarrollo de estas &hellip;<\/p>\n","protected":false},"author":1,"featured_media":23676,"comment_status":"open","ping_status":"open","sticky":false,"template":"","format":"standard","meta":{"footnotes":""},"categories":[14,32],"tags":[382,956],"class_list":["post-23674","post","type-post","status-publish","format-standard","has-post-thumbnail","hentry","category-articulistas","category-recorrido-por-la-region","tag-jose-neira","tag-notas-al-margen"],"_links":{"self":[{"href":"https:\/\/contraluzcucuta.co\/index.php?rest_route=\/wp\/v2\/posts\/23674","targetHints":{"allow":["GET"]}}],"collection":[{"href":"https:\/\/contraluzcucuta.co\/index.php?rest_route=\/wp\/v2\/posts"}],"about":[{"href":"https:\/\/contraluzcucuta.co\/index.php?rest_route=\/wp\/v2\/types\/post"}],"author":[{"embeddable":true,"href":"https:\/\/contraluzcucuta.co\/index.php?rest_route=\/wp\/v2\/users\/1"}],"replies":[{"embeddable":true,"href":"https:\/\/contraluzcucuta.co\/index.php?rest_route=%2Fwp%2Fv2%2Fcomments&post=23674"}],"version-history":[{"count":1,"href":"https:\/\/contraluzcucuta.co\/index.php?rest_route=\/wp\/v2\/posts\/23674\/revisions"}],"predecessor-version":[{"id":23677,"href":"https:\/\/contraluzcucuta.co\/index.php?rest_route=\/wp\/v2\/posts\/23674\/revisions\/23677"}],"wp:featuredmedia":[{"embeddable":true,"href":"https:\/\/contraluzcucuta.co\/index.php?rest_route=\/wp\/v2\/media\/23676"}],"wp:attachment":[{"href":"https:\/\/contraluzcucuta.co\/index.php?rest_route=%2Fwp%2Fv2%2Fmedia&parent=23674"}],"wp:term":[{"taxonomy":"category","embeddable":true,"href":"https:\/\/contraluzcucuta.co\/index.php?rest_route=%2Fwp%2Fv2%2Fcategories&post=23674"},{"taxonomy":"post_tag","embeddable":true,"href":"https:\/\/contraluzcucuta.co\/index.php?rest_route=%2Fwp%2Fv2%2Ftags&post=23674"}],"curies":[{"name":"wp","href":"https:\/\/api.w.org\/{rel}","templated":true}]}}