{"id":23666,"date":"2015-03-03T21:59:24","date_gmt":"2015-03-04T02:59:24","guid":{"rendered":"http:\/\/contraluzcucuta.co\/?p=23666"},"modified":"2015-03-08T11:38:22","modified_gmt":"2015-03-08T16:38:22","slug":"denuncia-sin-solucion-crisis-carcelaria-en-cucuta","status":"publish","type":"post","link":"https:\/\/contraluzcucuta.co\/?p=23666","title":{"rendered":"DENUNCIA. Sin soluci\u00f3n crisis carcelaria en C\u00facuta"},"content":{"rendered":"<p><strong>C\u00daCUTA.-<\/strong> Los presos del Complejo Carcelario y Penitenciario de C\u00facuta acudimos a los medios de comunicaci\u00f3n social para denunciar ante la opini\u00f3n p\u00fablica nacional e internacional la crisis humanitaria por el p\u00e9simo servicio de salud que nos preocupa, porque no es otra cosa que un atentado contra la vida, la integridad, la dignidad humana, el sometimiento de una poblaci\u00f3n vulnerable como son las personas privadas de la libertad que nos vemos sometidas a tratos crueles, inhumanos, degradantes y a torturas. Esto por el desconocimiento total de las normas m\u00ednimas para el tratamiento de los reclusos (as) de Naciones Unidas y el conjunto de acuerdos y tratados internacionales firmado por partes del Estado colombiano.<\/p>\n<p>Si el desarrollo de una democracia se mide en la forma como trata a sus prisioneros, qu\u00e9 podemos decir de nuestro pa\u00eds, con un Gobierno que ha demostrado su incapacidad para resolver las necesidades b\u00e1sicas de la poblaci\u00f3n, que tiene que acudir al enga\u00f1o para sofocar las exigencias de las masas empobrecidas. Lo que termina generando m\u00e1s inconformismo e indignaci\u00f3n, porque &#8220;m\u00e1s r\u00e1pido cae un mentiroso que un cojo&#8221;. El gobierno de Juan Manuel Santos no les cumpli\u00f3 a los campesinos; a los estudiantes; ni a la clase obrera, porque siguen los despidos masivos y la pauperizaci\u00f3n de las condiciones laborales; tampoco les cumpli\u00f3 a los trasportadores; a la rama judicial la tiene embolatada y mucho menos nos va a cumplir a los presos.<\/p>\n<p>Los 12 puntos para resolver la crisis carcelaria anunciada con bombo y platillos por el Ministerio de Justicia, en el 2013, s\u00f3lo quedaron en promesas y en el limbo. Mientras arreciaron las leyes para el aumento desproporcionado de las penas, la exclusi\u00f3n de beneficios administrativos y subrogados penales, que han agudizado el problema humanitario en el interior de las c\u00e1rceles m\u00e1s parecidas a campos de concentraci\u00f3n Nazi.<\/p>\n<p>En este sentido insistimos en que se debe declarar la emergencia social carcelaria en Colombia. Hoy se hace m\u00e1s urgente la intervenci\u00f3n del Instituto de Salud Departamental en el complejo de C\u00facuta, tenemos siete patios en vigilancia epidemiol\u00f3gica por brotes de varicela y tuberculosis (TBC); el personal del \u00e1rea de sanidad no da abasto para atender a los enfermos (as), un solo m\u00e9dico no alcanza, lo que genera represamiento en citas prioritarias, urgencias y tratamiento especializado. Tampoco alcanzan los medicamentos, los enfermos que son recetados no reciben el tratamiento que requieren, hasta el acetaminof\u00e9n se acab\u00f3. Los pacientes se ven abandonados en calabozos, pasillos y patios sin poder acceder a la atenci\u00f3n m\u00e9dica, o a pastillas para calmar el dolor y la fiebre.<\/p>\n<p>Se\u00f1or Procurador Regional, se\u00f1or Gobernador, se\u00f1or Alcalde de C\u00facuta, se\u00f1ores secretar\u00eda de Salud, se\u00f1ores jueces de ejecuci\u00f3n de penas de C\u00facuta, esto que venimos denunciando es otra forma de tortura f\u00edsica y psicol\u00f3gica, ustedes como autoridades de la regi\u00f3n tienen el deber de apropiarse de estas denuncias, verificarlas y buscar soluciones a La violaci\u00f3n de derechos humanos.<\/p>\n<p>Exigimos la presencia de la doctora Heddy Yasmit Tuta Garc\u00eda, directora territorial de Caprecom &#8211; Norte de Santander para que atienda nuestras denuncias y responda por el p\u00e9simo servicio de salud que nos brinda esa EPS.<\/p>\n<p>Hacemos un llamado a la Oficina del Alto Comisionado de Naciones Unidas para que por favor nos acompa\u00f1e y haga seguimiento a la crisis carcelaria en Colombia, especialmente en el Complejo Penitenciario de C\u00facuta, y emita recomendaciones al Estado colombiano para que cesen las violaciones a los derechos humanos en estos campos de concentraci\u00f3n.<\/p>\n<p>Advertimos al Inpec, Caprecom, Vionco y dem\u00e1s autoridades que resultan comprometidas por acci\u00f3n u omisi\u00f3n que no desistiremos de la lucha y la denuncia hasta lograr se decrete la emergencia social en esta prisi\u00f3n como la \u00fanica salida razonable para empezar a resolver la crisis humanitaria en el interior de estos campos de concentraci\u00f3n. La muerte de 21 de nuestros compa\u00f1eros por negligencia m\u00e9dica no quedar\u00e1 en la impunidad. El Estado debe responder por ellos. Pedimos a la Fiscal\u00eda General de la Naci\u00f3n que se apropie de las respectivas investigaciones por cada uno de nuestros compa\u00f1eros muertos a fin de que se establezcan los responsables de estas pr\u00e1cticas o pol\u00edticas que pueden definirse como terrorismo de Estado.<\/p>\n<p><strong>FUNDACI\u00d3N PROGRESAR<\/strong><\/p>\n<p><strong>Informaci\u00f3n tomada de: www.comitedesolidaridad.com<\/strong><\/p>\n<p><strong><a href=\"http:\/\/www.comitedesolidaridad.com\/index.php\/2-uncategorised\/1131-comunicado-n-6-presos-de-cucuta\">http:\/\/www.comitedesolidaridad.com\/index.php\/2-uncategorised\/1131-comunicado-n-6-presos-de-cucuta<\/a><\/strong><\/p>\n<p><strong>\u00a0<\/strong> <\/p>\n","protected":false},"excerpt":{"rendered":"<p>C\u00daCUTA.- Los presos del Complejo Carcelario y Penitenciario de C\u00facuta acudimos a los medios de comunicaci\u00f3n social para denunciar ante la opini\u00f3n p\u00fablica nacional e internacional la crisis humanitaria por el p\u00e9simo servicio de salud que nos preocupa, porque no es otra cosa que un atentado contra la vida, la integridad, la dignidad humana, el &hellip;<\/p>\n","protected":false},"author":1,"featured_media":23667,"comment_status":"open","ping_status":"open","sticky":false,"template":"","format":"standard","meta":{"footnotes":""},"categories":[11,6],"tags":[2105,2104,775],"class_list":["post-23666","post","type-post","status-publish","format-standard","has-post-thumbnail","hentry","category-cronica-roja","category-ojo-avizor","tag-comite-de-solidaridad","tag-crisis-carcelaria-en-colombia","tag-penitenciaria-de-cucuta"],"_links":{"self":[{"href":"https:\/\/contraluzcucuta.co\/index.php?rest_route=\/wp\/v2\/posts\/23666","targetHints":{"allow":["GET"]}}],"collection":[{"href":"https:\/\/contraluzcucuta.co\/index.php?rest_route=\/wp\/v2\/posts"}],"about":[{"href":"https:\/\/contraluzcucuta.co\/index.php?rest_route=\/wp\/v2\/types\/post"}],"author":[{"embeddable":true,"href":"https:\/\/contraluzcucuta.co\/index.php?rest_route=\/wp\/v2\/users\/1"}],"replies":[{"embeddable":true,"href":"https:\/\/contraluzcucuta.co\/index.php?rest_route=%2Fwp%2Fv2%2Fcomments&post=23666"}],"version-history":[{"count":1,"href":"https:\/\/contraluzcucuta.co\/index.php?rest_route=\/wp\/v2\/posts\/23666\/revisions"}],"predecessor-version":[{"id":23668,"href":"https:\/\/contraluzcucuta.co\/index.php?rest_route=\/wp\/v2\/posts\/23666\/revisions\/23668"}],"wp:featuredmedia":[{"embeddable":true,"href":"https:\/\/contraluzcucuta.co\/index.php?rest_route=\/wp\/v2\/media\/23667"}],"wp:attachment":[{"href":"https:\/\/contraluzcucuta.co\/index.php?rest_route=%2Fwp%2Fv2%2Fmedia&parent=23666"}],"wp:term":[{"taxonomy":"category","embeddable":true,"href":"https:\/\/contraluzcucuta.co\/index.php?rest_route=%2Fwp%2Fv2%2Fcategories&post=23666"},{"taxonomy":"post_tag","embeddable":true,"href":"https:\/\/contraluzcucuta.co\/index.php?rest_route=%2Fwp%2Fv2%2Ftags&post=23666"}],"curies":[{"name":"wp","href":"https:\/\/api.w.org\/{rel}","templated":true}]}}