{"id":23663,"date":"2015-03-03T21:28:55","date_gmt":"2015-03-04T02:28:55","guid":{"rendered":"http:\/\/contraluzcucuta.co\/?p=23663"},"modified":"2015-03-08T10:08:25","modified_gmt":"2015-03-08T15:08:25","slug":"premio-mujer-cafam-tania-agudelo-sedano-candidata-por-norte-de-santander","status":"publish","type":"post","link":"https:\/\/contraluzcucuta.co\/?p=23663","title":{"rendered":"PREMIO MUJER CAFAM. Tania Agudelo Sedano, candidata por Norte de Santander"},"content":{"rendered":"<p><strong>C\u00daCUTA.-<\/strong> El Club Rotario y las cajas de compensaci\u00f3n familiar de Norte de Santander propusieron \u00a0a Tania Agudelo Sedano como candidata al Premio Mujer Cafam. El reconocimiento se entregar\u00e1, en 5 de marzo, en Bogot\u00e1. La actividad ser\u00e1 presidida por Mar\u00eda Clemencia Rodr\u00edguez, primera dama de Colombia.<\/p>\n<p>El premio es el reconocimiento a las mujeres que con esfuerzo, amor y solidaridad ayudan a mejorar\u00a0 la calidad de vida de familias y comunidades que lo han perdido todo y se encuentran desprotegidos. La nominada por Norte de Santander es la coordinadora del Componente de Atenci\u00f3n Psicosocial del convenio Fondo Adaptaci\u00f3n &#8211; Universidad de Pamplona.<\/p>\n<p>Los proponentes tuvieron en cuenta \u00a0el largo trayecto formado en temas sociales y que contribuyen al mejoramiento y la reivindicaci\u00f3n de los derechos humanos de ni\u00f1os, mujeres y hombres y que apuestan a mejorar las condiciones de vida. El galard\u00f3n le permite al pa\u00eds conocer la calidad humana y la sencillez de las mujeres que dan el diario vivir para apoyar a los desamparados en la regi\u00f3n.<\/p>\n<p>\u201cMe siento contenta al ser postulada. Este es un proceso en el que llevo m\u00e1s de 20 a\u00f1os y en el que espero seguir. Hay muchas personas que necesitan de nuestra ayuda\u201d,\u00a0 dijo Agudelo Sedano.<\/p>\n<p>La nortesantandereana capacita a 35 comunidades y la lucha constante es contra el maltrato infantil, la prevenci\u00f3n en el uso de la p\u00f3lvora, la siembra de valores y los talleres creativos de t\u00edteres.<\/p>\n<p>En 1988, Arcesio Guerrero P\u00e9rez y el periodista Gustavo Castro Caycedo, instituyeron el Premio Cafam a la Mujer. Pasados 27 a\u00f1os, el acto se ha constituido en el \u00a0de mayor reconocimiento y reputaci\u00f3n del pa\u00eds en el \u00e1mbito social. Los creadores resaltaron valores y sentimientos de amor, solidaridad, bondad, abnegaci\u00f3n, humildad y servicio, fundamentales para generar bienestar comunitario.<\/p>\n<p>El galard\u00f3n representa un vientre materno, s\u00edmbolo de los frutos de la entrega y la superaci\u00f3n, enmarcado en una base fuerte y s\u00f3lida que significa el esp\u00edritu constante y persistente de la mujer. En la c\u00faspide aparece una pluma, \u00edcono de la importancia del conocimiento y la intuici\u00f3n en el trabajo por otros.<\/p>\n<p>M\u00e1s de 4200 mujeres de los 32 departamentos colombianos han sido postuladas en las 26 ediciones del premio. Son admirables y ejemplo para forjar y promover un pa\u00eds con justicia, paz y m\u00e1s igualdad social.<\/p>\n<p><strong>Foto: Prensa Unipamplona<\/strong><\/p>\n<p>&nbsp; <\/p>\n","protected":false},"excerpt":{"rendered":"<p>C\u00daCUTA.- El Club Rotario y las cajas de compensaci\u00f3n familiar de Norte de Santander propusieron \u00a0a Tania Agudelo Sedano como candidata al Premio Mujer Cafam. El reconocimiento se entregar\u00e1, en 5 de marzo, en Bogot\u00e1. La actividad ser\u00e1 presidida por Mar\u00eda Clemencia Rodr\u00edguez, primera dama de Colombia. El premio es el reconocimiento a las mujeres &hellip;<\/p>\n","protected":false},"author":1,"featured_media":23664,"comment_status":"open","ping_status":"open","sticky":false,"template":"","format":"standard","meta":{"footnotes":""},"categories":[556],"tags":[1248,2103,161],"class_list":["post-23663","post","type-post","status-publish","format-standard","has-post-thumbnail","hentry","category-departamento","tag-fondo-adaptacion","tag-premio-mujer-cafam","tag-universidad-de-pamplona"],"_links":{"self":[{"href":"https:\/\/contraluzcucuta.co\/index.php?rest_route=\/wp\/v2\/posts\/23663","targetHints":{"allow":["GET"]}}],"collection":[{"href":"https:\/\/contraluzcucuta.co\/index.php?rest_route=\/wp\/v2\/posts"}],"about":[{"href":"https:\/\/contraluzcucuta.co\/index.php?rest_route=\/wp\/v2\/types\/post"}],"author":[{"embeddable":true,"href":"https:\/\/contraluzcucuta.co\/index.php?rest_route=\/wp\/v2\/users\/1"}],"replies":[{"embeddable":true,"href":"https:\/\/contraluzcucuta.co\/index.php?rest_route=%2Fwp%2Fv2%2Fcomments&post=23663"}],"version-history":[{"count":1,"href":"https:\/\/contraluzcucuta.co\/index.php?rest_route=\/wp\/v2\/posts\/23663\/revisions"}],"predecessor-version":[{"id":23665,"href":"https:\/\/contraluzcucuta.co\/index.php?rest_route=\/wp\/v2\/posts\/23663\/revisions\/23665"}],"wp:featuredmedia":[{"embeddable":true,"href":"https:\/\/contraluzcucuta.co\/index.php?rest_route=\/wp\/v2\/media\/23664"}],"wp:attachment":[{"href":"https:\/\/contraluzcucuta.co\/index.php?rest_route=%2Fwp%2Fv2%2Fmedia&parent=23663"}],"wp:term":[{"taxonomy":"category","embeddable":true,"href":"https:\/\/contraluzcucuta.co\/index.php?rest_route=%2Fwp%2Fv2%2Fcategories&post=23663"},{"taxonomy":"post_tag","embeddable":true,"href":"https:\/\/contraluzcucuta.co\/index.php?rest_route=%2Fwp%2Fv2%2Ftags&post=23663"}],"curies":[{"name":"wp","href":"https:\/\/api.w.org\/{rel}","templated":true}]}}