{"id":23660,"date":"2015-03-03T21:02:45","date_gmt":"2015-03-04T02:02:45","guid":{"rendered":"http:\/\/contraluzcucuta.co\/?p=23660"},"modified":"2015-03-08T10:49:42","modified_gmt":"2015-03-08T15:49:42","slug":"corto-y-puntual-cambalache-educativo","status":"publish","type":"post","link":"https:\/\/contraluzcucuta.co\/?p=23660","title":{"rendered":"CORTO Y PUNTUAL. Cambalache educativo"},"content":{"rendered":"<p>La educaci\u00f3n en Colombia no cambia, se trasforma en los propios s\u00edndromes que vive el pa\u00eds. Los niveles que miden la educaci\u00f3n colombiana poco hablan de la realidad que se vive dentro de las aulas. La educaci\u00f3n pareciera que no fuera la meta prioritaria en un plan de desarrollo nacional, departamental, ni local. Con la educaci\u00f3n se descalabra un presupuesto anual. Todo es un mont\u00f3n de modelos para seguir, copiar y hasta imitar con los errores que no se han de analizar. La educaci\u00f3n da para inflar costos, cifras e informes de gesti\u00f3n. La educaci\u00f3n en Colombia es una de las tasas m\u00e1s representativas en contratos, construcciones, licitaciones, tecnolog\u00edas, cuadernos, tizas y borradores.<\/p>\n<p>Podr\u00edamos afirmar que la educaci\u00f3n es un rengl\u00f3n c\u00f3modo para la corrupci\u00f3n, lavar d\u00f3lares y hacer inversiones clandestinas sin tener mucho que declarar en las rentas del fisco nacional. La educaci\u00f3n colombiana es una cenicienta disfrazada de ayudas, becas y Colciencias. No hay planes de estudio serios y las facultades de educaci\u00f3n merman cada vez m\u00e1s sus programas en licenciaturas. Las universidades privadas no avalan temas educativos. Muchas universidades prefieren los t\u00e9cnicos y los tecn\u00f3logos, las ingenier\u00edas y prevalecen el derecho y la salud, la administraci\u00f3n de empresas y \u00faltimamente los negocios internacionales.<\/p>\n<p>Con la educaci\u00f3n superior no se sabe qu\u00e9 temas abordar. Nunca las universidades p\u00fablicas se dan a la tarea de reconocer la obligaci\u00f3n que tienen de consolidar el desarrollo regional. Muchas se conforman abriendo sedes sin tener presente el tipo de necesidades que pueda tener el \u00e1rea de influencia territorial. Nunca las universidades p\u00fablicas se ponen en com\u00fan acuerdo para acordar, por lo menos, imprimir una revista semestral, con la producci\u00f3n intelectual de sus inmediatos colaboradores. Todas las universidades compiten por las matr\u00edculas, mas nunca se preocupan por la deserci\u00f3n y la problem\u00e1tica local o regional.<\/p>\n<p>Las universidades privadas cada mes promocionan una maestr\u00eda novedosa. Existen las llamadas universidades de garaje, y cuando se entra a ver la n\u00f3mina de profesores se encuentran casi siempre los mismos de las universidades de renombre. Son pocas las universidades privadas que pagan por los estudios de los docentes y las universidades p\u00fablicas hacen concursos meritorios buscando con ello acomodar el recomendado de uno de los del consejo directivo.<\/p>\n<p>La educaci\u00f3n en Colombia sigue siendo para los de estratos medio, que puedan mantener dos o tres hijos, con la comodidad que requiere un estudio superior. Las universidades p\u00fablicas se han convertido en los \u00faltimos 15 a\u00f1os en el epicentro de los colegios privados y las universidades privadas han sido la soluci\u00f3n para los estudiantes de las instituciones educativas oficiales. Todo ha cambiado en una forma extra\u00f1a, y es el propio Estado el que da la mara\u00f1a.<\/p>\n<p>Los colegios privados venden la idea de ser la preparatoria con mejores reconocimientos. Ofrecen maternal y hasta sala cuna. Los hijos llegan en trasporte privado, son unos desadaptados sociales, vienen de hogares disfuncionales y a los profesores les toca aguantarse semejantes medio salvajes en un sal\u00f3n sin los implementos necesarios. Entretenga y piense profesor c\u00f3mo mantenemos su n\u00f3mina laboral de este a\u00f1o, es el comentario del rector y el coordinador. Tienen buenas instalaciones f\u00edsicas y deportivas, mas los estudiantes piensan m\u00e1s en el port\u00e1til y en los viajes de fin de semana, a la parranda con el pap\u00e1 o con la madrastra. Algunos colegios programan la charla mensual con el sic\u00f3logo, o si es del caso con el padre Juan Jaime Escobar.<\/p>\n<p>Las instituciones educativas oficiales tienen m\u00e1s por hacer que por solucionar. Presupuestos racionales y los rectores piensan m\u00e1s en c\u00f3mo sacarles tajada que en invertir en lo prioritario. Los estudiantes, promedio, de clases medio bajas, algunos casos est\u00e1n m\u00e1s porque no les den bala en la calle. Profesores oficiales bien preparados, pero mal pagados por culpa de los sindicalistas de Adida y Fecode. Los estudiantes de las instituciones educativas oficiales se dan el gusto de estar en instalaciones c\u00f3modas y con alta tecnolog\u00eda en los salones, m\u00e1s no falta el rector que esconde los computadores para que no se los roben.<\/p>\n<p>La educaci\u00f3n en las instituciones oficiales pareciera un cuento de Frank Kafka. Hay restaurante escolar que se ha convertido en una buena contrataci\u00f3n de turno para el Alcalde y los asesores. Las instituciones oficiales se han convertido en guarder\u00edas para mermar la delincuencia en la calle.<\/p>\n<p>La jornada \u00fanica es otro sofisma de distracci\u00f3n que se quiere implementar con papel y programas por desarrollar y complementar. No hay sal\u00f3n para tanta gente y no hay presupuesto para m\u00e1s profesores. Esperemos qu\u00e9 torta partan en las conversaciones de paz en La Habana. Los promedios en las pruebas nacionales dicen mucho de lo que sucede en la realidad urbana de las grandes ciudades Colombianas. Medell\u00edn, Barranquilla, Bogot\u00e1, Cali, Bucaramanga, Pereira y Armenia se dan la mano en planes de ayuda para los secretarios de Educaci\u00f3n, pero otra cosa es lo que piensan los t\u00e9cnicos del Ministerio de Educaci\u00f3n, Planeaci\u00f3n Nacional y el Ministro de Hacienda.<\/p>\n<p>La educaci\u00f3n colombiana es un cambalache cada semana. Las noticias pululan de los profesores, como si por arte de magia, este gremio social y formador fuera a solucionar la gran brecha existente entre la desigualdad social y la responsabilidad de un pa\u00eds que no ve en la educaci\u00f3n un motor de cambio y trasformaci\u00f3n, sino un gasto m\u00e1s que debe cubrir a punta de impuestos y dejando todo por empezar.<\/p>\n<p><strong>DIEGO CALLE P\u00c9REZ<\/strong><\/p>\n<p><strong>Profesor e investigador social independiente<\/strong><\/p>\n<p>Foto:\u00a0<a class=\"_ZR irc_hol\" style=\"color: #d6d6d6;\" href=\"https:\/\/www.google.com.co\/url?sa=i&amp;rct=j&amp;q=&amp;esrc=s&amp;source=images&amp;cd=&amp;cad=rja&amp;uact=8&amp;ved=0CAYQjB0&amp;url=http%3A%2F%2Fexcomsierramorenaied.blogspot.com%2F2012_01_01_archive.html&amp;ei=WWf2VNv_ENLHsQTf0oHgCA&amp;bvm=bv.87269000,d.cWc&amp;psig=AFQjCNERPjVJemaCrSVs_-J_loGElHPgLQ&amp;ust=1425520805981825\" data-ved=\"0CAYQjB0\" data-href=\"http:\/\/excomsierramorenaied.blogspot.com\/2012_01_01_archive.html\"><span class=\"irc_ho\" dir=\"ltr\" style=\"color: #d6d6d6;\">excomsierramorenaied.blogspot.com<\/span><\/a><\/p>\n<p>&nbsp; <\/p>\n","protected":false},"excerpt":{"rendered":"<p>La educaci\u00f3n en Colombia no cambia, se trasforma en los propios s\u00edndromes que vive el pa\u00eds. Los niveles que miden la educaci\u00f3n colombiana poco hablan de la realidad que se vive dentro de las aulas. La educaci\u00f3n pareciera que no fuera la meta prioritaria en un plan de desarrollo nacional, departamental, ni local. Con la &hellip;<\/p>\n","protected":false},"author":1,"featured_media":23661,"comment_status":"open","ping_status":"open","sticky":false,"template":"","format":"standard","meta":{"footnotes":""},"categories":[14,36],"tags":[2102,1089],"class_list":["post-23660","post","type-post","status-publish","format-standard","has-post-thumbnail","hentry","category-articulistas","category-la-voz-del-pueblo","tag-educacion-en-colombia","tag-educacion-en-cucuta"],"_links":{"self":[{"href":"https:\/\/contraluzcucuta.co\/index.php?rest_route=\/wp\/v2\/posts\/23660","targetHints":{"allow":["GET"]}}],"collection":[{"href":"https:\/\/contraluzcucuta.co\/index.php?rest_route=\/wp\/v2\/posts"}],"about":[{"href":"https:\/\/contraluzcucuta.co\/index.php?rest_route=\/wp\/v2\/types\/post"}],"author":[{"embeddable":true,"href":"https:\/\/contraluzcucuta.co\/index.php?rest_route=\/wp\/v2\/users\/1"}],"replies":[{"embeddable":true,"href":"https:\/\/contraluzcucuta.co\/index.php?rest_route=%2Fwp%2Fv2%2Fcomments&post=23660"}],"version-history":[{"count":1,"href":"https:\/\/contraluzcucuta.co\/index.php?rest_route=\/wp\/v2\/posts\/23660\/revisions"}],"predecessor-version":[{"id":23662,"href":"https:\/\/contraluzcucuta.co\/index.php?rest_route=\/wp\/v2\/posts\/23660\/revisions\/23662"}],"wp:featuredmedia":[{"embeddable":true,"href":"https:\/\/contraluzcucuta.co\/index.php?rest_route=\/wp\/v2\/media\/23661"}],"wp:attachment":[{"href":"https:\/\/contraluzcucuta.co\/index.php?rest_route=%2Fwp%2Fv2%2Fmedia&parent=23660"}],"wp:term":[{"taxonomy":"category","embeddable":true,"href":"https:\/\/contraluzcucuta.co\/index.php?rest_route=%2Fwp%2Fv2%2Fcategories&post=23660"},{"taxonomy":"post_tag","embeddable":true,"href":"https:\/\/contraluzcucuta.co\/index.php?rest_route=%2Fwp%2Fv2%2Ftags&post=23660"}],"curies":[{"name":"wp","href":"https:\/\/api.w.org\/{rel}","templated":true}]}}