{"id":23637,"date":"2015-03-01T14:35:31","date_gmt":"2015-03-01T19:35:31","guid":{"rendered":"http:\/\/contraluzcucuta.co\/?p=23637"},"modified":"2015-03-03T15:45:02","modified_gmt":"2015-03-03T20:45:02","slug":"wilfredo-grajales-los-cucutenos-merecemos-una-ciudad-que-nos-permita-ser-felices","status":"publish","type":"post","link":"https:\/\/contraluzcucuta.co\/?p=23637","title":{"rendered":"WILFREDO GRAJALES. \u201cLos cucute\u00f1os merecemos una ciudad que nos permita ser felices\u201d"},"content":{"rendered":"<p><strong>C\u00daCUTA<\/strong>.- \u201cCreo que en C\u00facuta nos merecemos una ciudad que nos haga y nos permita ser cada vez mejores seres humanos y ser m\u00e1s felices\u201d. La afirmaci\u00f3n la hizo Wilfredo Grajales, candidato a Alcald\u00eda, en el foro organizado por la Universidad Libre, a comienzos de semana. En la actividad acad\u00e9mica particip\u00f3 el ex alcalde de Bogot\u00e1, Enrique Pe\u00f1alosa, y expuso su idea de \u2018ciudad so\u00f1ada\u2019.<\/p>\n<p>El sacerdote salesiano, que pidi\u00f3 permiso a la comunidad y al papa Francisco para participar en la contienda electoral de octubre, desde ni\u00f1o ha so\u00f1ado \u00a0y ha pensado lo mejor para la ciudad. En la l\u00ednea del servicio a los dem\u00e1s naci\u00f3 como trabajador social. En el colegio cumpli\u00f3 el apostolado con visitas a los barrios para prestar el servicio que se repart\u00eda entre lo religioso y lo social.<\/p>\n<p>En esos momentos entendi\u00f3 la evangelizaci\u00f3n como el llevar una buena noticia, como un trabajo de humanizaci\u00f3n. \u201cMe descubr\u00ed ah\u00ed. No tengo vocaci\u00f3n de sacrist\u00eda, sino que tengo vocaci\u00f3n de servicio social\u201d. En esa obra se hizo y desde ah\u00ed ha formado el ser humano que es hoy.<\/p>\n<p>Est\u00e1 convencido de que \u201clos seres humanos, si nos llamamos hijos de Dios no es por una teolog\u00eda o una teor\u00eda, sino porque somos iguales, somos hermanos y porque nos merecemos lo mejor. Ser hijos de Dios, es ser como dioses\u201d.<\/p>\n<p>Le duele encontrarse en la sociedad con personas que no pueden ser felices, porque la sociedad les ha puesto l\u00edmites. La situaci\u00f3n de esa poblaci\u00f3n siempre lo ha llevado a comprometerme en un trabajo serio \u00a0y responsable, que permita construir la felicidad que cada uno merece\u201d.<\/p>\n<p>Por tratarse de un acto acad\u00e9mico, el Partido Verde no anunci\u00f3 de manera directa el respaldo a Wilfredo Grajales en la aspiraci\u00f3n de llegar a la Alcald\u00eda de C\u00facuta. Enrique Pe\u00f1alosa, vocero de la colectividad, lo mencion\u00f3 superficialmente, sin decir que ese es el candidato ungido para manejar los destinos cucute\u00f1os en los pr\u00f3ximos cuatro a\u00f1os.<\/p>\n<p>\u201cLa ciudad, la considero la base para esa persona que so\u00f1amos\u201d, dijo Grajales. \u201cNo vamos a ser felices solitos, necesitamos siempre estar en grupos, asociarnos, ir en comunidad, aprender a trabajar juntos\u201d. El sacerdote, por respeto al auditorio, tampoco habl\u00f3 como aspirante a llegar al Palacio Municipal. Habl\u00f3 generalidades para sembrar una imagen entre los asistentes. \u201cEl proyecto de ciudad que tenemos que construir debe ser de com\u00fan acuerdo\u201d.<\/p>\n<p>La democracia, afirm\u00f3, obliga a llegar a un acuerdo sobre lo que se quiere construir. \u201cNo es lo que unos pocos quieren hacer de la ciudad, es lo que la mayor\u00eda decide. Lo triste de nuestra ciudad es que las grandes mayor\u00edas participamos del concepto griego del proceso de idiotas, porque no participamos\u201d, dijo en alusi\u00f3n a lo referido por Pe\u00f1alosa. \u201cHemos dejado el escenario de las decisiones a otros\u201d.<\/p>\n<p>Reiter\u00f3 que lo m\u00e1s democr\u00e1tico que pueden \u00a0tener los cucute\u00f1os \u201ces so\u00f1ar con una C\u00facuta mejor, con una ciudad mejor\u201d. Para alcanzarlo deben participar de la construcci\u00f3n de ese proyecto que permita hacer la ciudad pensada. \u201c\u00bfC\u00f3mo hacerlo? Indudablemente, con la participaci\u00f3n de todos y tenemos que ponernos de acuerdo y construirla entre todos\u201d.<\/p>\n<p>Mir\u00f3 al auditorio y asegur\u00f3 que algunos no llegaron con el pensamiento puesto en la ciudad, como en ese momento lo hacen. \u201cLos que se dejen tocar por estas ideas se van diciendo \u2018no hab\u00eda pensado en esto\u2019. Ah\u00ed empezamos a construir. Empezamos a hacer una ciudad distinta cuando en la cabeza de cada uno, en los sue\u00f1os de cada uno, se empieza a construir una ciudad distinta\u201d.<\/p>\n<p>Para alcanzar la construcci\u00f3n de esa ciudad corresponde a los ciudadanos tomar decisiones para que no se despilfarre y malgasten los recursos del Estado. C\u00facuta \u201ces una ciudad que no cuenta con recursos con los que podamos hacer un cambio de manera contundente\u201d. En cambio, s\u00ed se pueden manejar mejor los recursos que hay para empezar a resolver los problemas.<\/p>\n<p>\u201cA la participaci\u00f3n en la construcci\u00f3n de ciudad tenemos que agregarle trasparencia en el manejo de los recursos, que deben ser considerados sagrados, deben ser manejados con responsabilidad de quien sabe manejar los recursos de todos\u201d. Esa es otra estrategia que debe estar presente en la construcci\u00f3n de\u00a0 la ciudad. \u201cTenemos que empezar a sentirnos indignados con unos hechos que pasan en la ciudad para que encontremos la soluci\u00f3n\u201d.<\/p>\n<p>En rechazo a algunos aspectos que afrontan los cucute\u00f1os dijo que no \u00a0subir\u00eda a un sistema de trasporte como el actual, ni andar\u00eda por las calles con un coche de ni\u00f1os toreando carros porque no hay andenes, ni vivir\u00eda en una ciudad donde no se sienta seguro sino de las rejas de la casa para adentro. \u201cEsos paradigmas, a los que estamos acostumbrados, los tenemos que romper para construir una mejor ciudad\u201d.<\/p>\n<p>RAFAEL ANTONIO PAB\u00d3N<\/p>\n<p><a href=\"mailto:rafaelpabon58@hotmail.com\">rafaelpabon58@hotmail.com<\/a><\/p>\n<p><strong>Foto: <\/strong><a href=\"http:\/\/www.contraluzcuucta.co\"><strong>www.contraluzcuucta.co<\/strong><\/a><\/p>\n<p>&nbsp; <\/p>\n","protected":false},"excerpt":{"rendered":"<p>C\u00daCUTA.- \u201cCreo que en C\u00facuta nos merecemos una ciudad que nos haga y nos permita ser cada vez mejores seres humanos y ser m\u00e1s felices\u201d. La afirmaci\u00f3n la hizo Wilfredo Grajales, candidato a Alcald\u00eda, en el foro organizado por la Universidad Libre, a comienzos de semana. En la actividad acad\u00e9mica particip\u00f3 el ex alcalde de &hellip;<\/p>\n","protected":false},"author":1,"featured_media":23638,"comment_status":"open","ping_status":"open","sticky":false,"template":"","format":"standard","meta":{"footnotes":""},"categories":[36,9],"tags":[1485,2097,1620,1484],"class_list":["post-23637","post","type-post","status-publish","format-standard","has-post-thumbnail","hentry","category-la-voz-del-pueblo","category-politica","tag-alcaldables-para-cucuta","tag-generacion-w","tag-precandidatos-a-la-alcaldia-de-cucuta","tag-wilfredo-grajales"],"_links":{"self":[{"href":"https:\/\/contraluzcucuta.co\/index.php?rest_route=\/wp\/v2\/posts\/23637","targetHints":{"allow":["GET"]}}],"collection":[{"href":"https:\/\/contraluzcucuta.co\/index.php?rest_route=\/wp\/v2\/posts"}],"about":[{"href":"https:\/\/contraluzcucuta.co\/index.php?rest_route=\/wp\/v2\/types\/post"}],"author":[{"embeddable":true,"href":"https:\/\/contraluzcucuta.co\/index.php?rest_route=\/wp\/v2\/users\/1"}],"replies":[{"embeddable":true,"href":"https:\/\/contraluzcucuta.co\/index.php?rest_route=%2Fwp%2Fv2%2Fcomments&post=23637"}],"version-history":[{"count":1,"href":"https:\/\/contraluzcucuta.co\/index.php?rest_route=\/wp\/v2\/posts\/23637\/revisions"}],"predecessor-version":[{"id":23639,"href":"https:\/\/contraluzcucuta.co\/index.php?rest_route=\/wp\/v2\/posts\/23637\/revisions\/23639"}],"wp:featuredmedia":[{"embeddable":true,"href":"https:\/\/contraluzcucuta.co\/index.php?rest_route=\/wp\/v2\/media\/23638"}],"wp:attachment":[{"href":"https:\/\/contraluzcucuta.co\/index.php?rest_route=%2Fwp%2Fv2%2Fmedia&parent=23637"}],"wp:term":[{"taxonomy":"category","embeddable":true,"href":"https:\/\/contraluzcucuta.co\/index.php?rest_route=%2Fwp%2Fv2%2Fcategories&post=23637"},{"taxonomy":"post_tag","embeddable":true,"href":"https:\/\/contraluzcucuta.co\/index.php?rest_route=%2Fwp%2Fv2%2Ftags&post=23637"}],"curies":[{"name":"wp","href":"https:\/\/api.w.org\/{rel}","templated":true}]}}