{"id":23628,"date":"2015-02-25T22:41:06","date_gmt":"2015-02-26T03:41:06","guid":{"rendered":"http:\/\/contraluzcucuta.co\/?p=23628"},"modified":"2015-03-01T14:43:30","modified_gmt":"2015-03-01T19:43:30","slug":"akt-y-tvs-motos-del-oriente-abre-nueva-tienda-3-s-en-cucuta","status":"publish","type":"post","link":"https:\/\/contraluzcucuta.co\/?p=23628","title":{"rendered":"AKT y TVS. Motos del Oriente abre nueva tienda 3-S en C\u00facuta"},"content":{"rendered":"<p><strong>C\u00daCUTA.-<\/strong> Motos del Oriente, distribuidor de las marcas AKT y TVS, abrir\u00e1 este 27 de febrero una nueva tienda 3-S en C\u00facuta. El objetivo es ratificar el compromiso de ofrecerles a los cucute\u00f1os la experiencia de compra de primer nivel y el servicio de posventa. El nuevo punto de distribuci\u00f3n y atenci\u00f3n est\u00e1 en la calle 7 entre avenidas 1 y 2.<\/p>\n<p>La nueva tienda 3-S (venta, posventa, financiaci\u00f3n y seguros) cuenta con 700 metros cuadrados, que la constituyen en una de las m\u00e1s grandes de la ciudad y de Colombia. Estar\u00e1 dotada con infraestructura y tecnolog\u00eda de primera l\u00ednea y personal calificado para prestar los mejores servicios a la distinguida clientela de la zona de frontera.<\/p>\n<p>La inversi\u00f3n de Motos del Oriente, que se ver\u00e1 reflejada en la creaci\u00f3n de puestos de trabajo, supera los $ 400 millones como agradecimiento a la acogida que han tenido las motos AKT en la frontera colombo-venezolana. En cumplimiento de la responsabilidad social que le corresponde, la empresa ha impulsado campa\u00f1as dirigidas a la familia y entre las pol\u00edticas de protecci\u00f3n entrega cascos a los compradores.<\/p>\n<p>La marca AKT se ha caracterizado por ser la preferida de la clase trabajadora colombiana por los precios bajos. En muchos casos los empleados prefieren la moto al servicio p\u00fablico para movilizarse en la ciudad. AKT es la \u00fanica marca colombiana que opera con dise\u00f1os y producci\u00f3n elaborados en conjunto con ingenieros asi\u00e1ticos para poner la mejor tecnolog\u00eda al alcance de la clase trabajadora.<\/p>\n<p>A partir del 2011, se estableci\u00f3 la alianza con la firma TVS, marca internacional de la India y sexta m\u00e1s grande del mundo, para comercializar los modelos Apache y Sport para ampliar la oferta a los motorizados. En marzo, la tienda permitir\u00e1 la relaci\u00f3n cercana y exclusiva con esos modelos.<\/p>\n<p>Las motos AKT, que tienen el respaldo del grupo Corbeta, llegaron a Colombia en el 2008. Desde entonces se ha llevado a cabo un arduo trabajo para el posicionamiento de la marca.\u00a0 En los \u00faltimos a\u00f1os, ha alcanzado en la capital de Norte de Santander el 12 por ciento de participaci\u00f3n en el mercado, y el 18 por ciento en el pa\u00eds. Para llegar a este sitial cuenta en el portafolio con motos Sport, Mopped, Scooter, enduro y carguero. Las cilindradas van de los 100 c.c. a los 250 c.c.<\/p>\n<p>La inauguraci\u00f3n de la tienda 3-S de la calle 7 entre avenidas 1 y 2 ser\u00e1 el 27 de febrero a las 4:00 de la tarde, con participaci\u00f3n de directivos nacionales de las marcas AKT y TVS.<\/p>\n<p><strong>Foto: diarioadn.co<\/strong><\/p>\n<p>&nbsp; <\/p>\n","protected":false},"excerpt":{"rendered":"<p>C\u00daCUTA.- Motos del Oriente, distribuidor de las marcas AKT y TVS, abrir\u00e1 este 27 de febrero una nueva tienda 3-S en C\u00facuta. El objetivo es ratificar el compromiso de ofrecerles a los cucute\u00f1os la experiencia de compra de primer nivel y el servicio de posventa. El nuevo punto de distribuci\u00f3n y atenci\u00f3n est\u00e1 en la &hellip;<\/p>\n","protected":false},"author":1,"featured_media":23629,"comment_status":"open","ping_status":"open","sticky":false,"template":"","format":"standard","meta":{"footnotes":""},"categories":[39],"tags":[2094,2093,2095],"class_list":["post-23628","post","type-post","status-publish","format-standard","has-post-thumbnail","hentry","category-miradas-ajenas","tag-akt","tag-motos-del-oriente","tag-tvs"],"_links":{"self":[{"href":"https:\/\/contraluzcucuta.co\/index.php?rest_route=\/wp\/v2\/posts\/23628","targetHints":{"allow":["GET"]}}],"collection":[{"href":"https:\/\/contraluzcucuta.co\/index.php?rest_route=\/wp\/v2\/posts"}],"about":[{"href":"https:\/\/contraluzcucuta.co\/index.php?rest_route=\/wp\/v2\/types\/post"}],"author":[{"embeddable":true,"href":"https:\/\/contraluzcucuta.co\/index.php?rest_route=\/wp\/v2\/users\/1"}],"replies":[{"embeddable":true,"href":"https:\/\/contraluzcucuta.co\/index.php?rest_route=%2Fwp%2Fv2%2Fcomments&post=23628"}],"version-history":[{"count":1,"href":"https:\/\/contraluzcucuta.co\/index.php?rest_route=\/wp\/v2\/posts\/23628\/revisions"}],"predecessor-version":[{"id":23630,"href":"https:\/\/contraluzcucuta.co\/index.php?rest_route=\/wp\/v2\/posts\/23628\/revisions\/23630"}],"wp:featuredmedia":[{"embeddable":true,"href":"https:\/\/contraluzcucuta.co\/index.php?rest_route=\/wp\/v2\/media\/23629"}],"wp:attachment":[{"href":"https:\/\/contraluzcucuta.co\/index.php?rest_route=%2Fwp%2Fv2%2Fmedia&parent=23628"}],"wp:term":[{"taxonomy":"category","embeddable":true,"href":"https:\/\/contraluzcucuta.co\/index.php?rest_route=%2Fwp%2Fv2%2Fcategories&post=23628"},{"taxonomy":"post_tag","embeddable":true,"href":"https:\/\/contraluzcucuta.co\/index.php?rest_route=%2Fwp%2Fv2%2Ftags&post=23628"}],"curies":[{"name":"wp","href":"https:\/\/api.w.org\/{rel}","templated":true}]}}