{"id":23597,"date":"2015-02-19T19:59:39","date_gmt":"2015-02-20T00:59:39","guid":{"rendered":"http:\/\/contraluzcucuta.co\/?p=23597"},"modified":"2015-02-22T19:53:43","modified_gmt":"2015-02-23T00:53:43","slug":"fallo-de-la-corte-a-uno-no-lo-deben-juzgar-por-la-cama-nicolas-salazar","status":"publish","type":"post","link":"https:\/\/contraluzcucuta.co\/?p=23597","title":{"rendered":"FALLO DE LA CORTE. \u201cA uno no lo deben juzgar por la cama\u201d: Nicol\u00e1s Salazar"},"content":{"rendered":"<p><strong>\u00bfC\u00f3mo vocero de la comunidad LGBTI en C\u00facuta c\u00f3mo le parece el fallo de la Corte Constitucional acerca de la adopci\u00f3n de ni\u00f1os por parte de parejas homosexuales?<\/strong><\/p>\n<p>Los l\u00edderes de las comunidades que trabajamos por los derechos de las minor\u00edas sexuales consideramos que no es la decisi\u00f3n que esper\u00e1bamos. Durante muchos a\u00f1os hemos estado esperando que se nos brinden los mismos derechos que a la comunidad heterosexual. Aplaudimos que por lo menos a una pareja del mismo sexo, en la que uno de los dos sea el padre biol\u00f3gico, pueda adoptar al ni\u00f1o. Antes, los padres heterosexuales se los quitaban a las mam\u00e1s, si eran de orientaci\u00f3n sexual diferente. Consideramos que hay que seguir manteniendo la aspiraci\u00f3n, somos ciudadanos y tenemos derechos. Es un aspecto legal, no es religioso ni cient\u00edfico. Es una cuesti\u00f3n de derechos que se nos deben garantizar como colombianos que somos.<\/p>\n<p><strong>Hay posibilidad que el Congreso estudie un proyecto de ley sobre el particular, \u00bfcree que puede ser el turno para la adopci\u00f3n de hijos?<\/strong><\/p>\n<p>Seg\u00fan las organizaciones creemos que la lucha hay que seguirla dando con la Corte. El Congreso todav\u00eda no ha podido legislar sobre el tema y los tiempos son muy cortos en sus periodos de legislaci\u00f3n como para tocar un asunto tan amplio y complejo como este. Creemos que hay presiones religiosas, de la Procuradur\u00eda General de la Naci\u00f3n, para que no nos garanticen los derechos a las minor\u00edas sexuales. La instituci\u00f3n a la que siempre vamos a acceder es la Corte, porque all\u00ed encontramos m\u00e1s eco que en el Congreso. Algunos senadores han estado de acuerdo con la adopci\u00f3n de ni\u00f1os por parejas del mismo sexo.<\/p>\n<p><strong>\u00bfEl fallo puede considerarse discriminatorio?<\/strong><\/p>\n<p>Por supuesto. No nos est\u00e1n reconociendo unos derechos que tenemos como ciudadanos. La poblaci\u00f3n colombiana no es exclusivamente heterosexual. Nosotros somos una poblaci\u00f3n amplia y visible, y como pagamos impuestos y cumplimos con nuestras responsabilidades esperamos que un Estado social que dice respetar el derecho, respete nuestros derechos fundamentales y constitucionales. Uno de esos derechos es el desarrollo de la libre personalidad, no profesar la religi\u00f3n que queramos y elegir las parejas que creeos podemos formar familias como parentales. Es discriminatorio, se siguen diferenciando, se siguen dando derechos a la comunidad heterosexual y no a la homosexual de este pa\u00eds, lo cual sigue vulnerando y violando la constituci\u00f3n y los preceptos. Creo que es m\u00e1s un tema de presi\u00f3n religiosa y social que legal. La gente siempre enfoca los derechos de la comunidad LGBTI como algo moral o religioso.<\/p>\n<p><strong>\u00bfQu\u00e9 tantas parejas se ven afectadas en C\u00facuta con esa decisi\u00f3n?<\/strong><\/p>\n<p>No tengo un censo de cu\u00e1ntas parejas existan en C\u00facuta en proceso de adopci\u00f3n o que hayan buscado esta figura para formar una familia homoparental. Muchos miembros de la comunidad LGBTI ni siquiera han pensado en ser padres. No es tener un ni\u00f1o ni adoptarlo, sino que es una cuesti\u00f3n de derechos. Si se los reconocen a los heterosexuales por qu\u00e9 a la pareja homosexual por qu\u00e9 se les niega. En cierta forma se vuelve discriminatorio y en cierta forma se vuelve preferencia el hecho que a unos se les pueda permitir la adopci\u00f3n y a otros no. En C\u00facuta no s\u00e9 qu\u00e9 tanto afecta, pero cuando hay parejas organizadas y familias independientemente de su orientaci\u00f3n creo que hay m\u00e1s responsabilidades.<\/p>\n<p>El hecho de legalizar a la comunidad LGBTI y de no negarle \u00a0derechos hace que haya menos promiscuidad, menos agresi\u00f3n de la sociedad y que se puedan constituir como familias, independiente de las preferencias sexuales. Creo que eso es lo que nos hace falta, es un tema relacionado con la salud p\u00fablica. En Colombia, donde no se aceptan, no se respetan, no se garantizan esos derechos la gente cree que no tiene la posibilidad de formar un hogar, de tener un hijo y de vivir una vida m\u00e1s responsable. El hecho de conformar una familia es porque hay un proyecto de vida entre dos personas y est\u00e1 el derecho a ser padres.<\/p>\n<p>Muchos heterosexuales, en este momento, maltratan y matan ni\u00f1os. En todos los maltratos no se ha dicho que homosexual o pareja homosexual o de lesbianas asesin\u00f3 a un ni\u00f1o. No entendeos por qu\u00e9 se nos niegan esos derechos. En este pa\u00eds no hay igualdad de derechos para los ciudadanos.<\/p>\n<p><strong>En estos d\u00edas, monse\u00f1or Julio C\u00e9sar Vidal, obispo de C\u00facuta, dijo que una mala familia crea sicarios, ladrones y prostitutas \u00bfqu\u00e9 comentario le merece esa apreciaci\u00f3n?<\/strong><\/p>\n<p>Es una estigmatizaci\u00f3n contra los miembros de la comunidad LGBTI. Hay muchos heterosexuales asesinos, ladrones y drogadictos. Pienso que eso no tiene nada que ver con las preferencias sexuales de la persona. Lo que pasa es que siempre se nos relaciona con esos temas y es como una estrategia que tiene la Iglesia para no reconocer nuestros derechos. Hijos de parejas homoparentales son ni\u00f1os heterosexuales. Nada tiene que ver la preferencia de los padres para el crecimiento, el desarrollo y la identidad de un menor. Un ni\u00f1o lo que necesita es educaci\u00f3n, principios y amor. Esa es una condici\u00f3n que podemos dar. Somos mucho m\u00e1s centrados y m\u00e1s responsables que los padres heterosexuales, en los que los hijos han sido grandes delincuentes.<\/p>\n<p><strong>\u00bfLos chistes homof\u00f3bicos le resbalan?<\/strong><\/p>\n<p>Me parecen que son discriminatorios y generan homofobia. La gente sigue vi\u00e9ndonos como unas caricaturas, como figuras burlescas. La verdad es que somos seres humanos que tambi\u00e9n sentimos, pensamos, vivimos y que podemos llevar una vida corriente. Ese tipo de actitudes demuestran que no estamos preparados para respetar la diferencia. Ese es b\u00e1sicamente el problema del pa\u00eds, nosotros no respetamos a las gordas, a los afrodescendientes, a los bajitos, ni a los altos. Esto es un problema cultural. A uno no lo deben juzgar por la cama, sino por los valores y por el ser humano que es.<\/p>\n<p><strong>\u00bfEn C\u00facuta hay m\u00e1s parejas de hombre \u2013 hombre o mujer &#8211; mujer?<\/strong><\/p>\n<p>Creo que son m\u00e1s estables las parejas de mujer \u2013 mujer al definir una relaci\u00f3n y tener familia. Pienso que ellas est\u00e1n m\u00e1s seguras de lo que quieren y de ser familia homoparental. No puedo dar un censo de cu\u00e1ntos homosexuales hay en la ciudad, pueden ser 3000 o 5000, pero que se sepa cu\u00e1ntas parejas hay constituidas, no. Conocer\u00e9 10 o 20 que son las m\u00e1s cercanas a mi hogar. Tengo constituido un hogar, sin hijos, pero es un hogar. Ambos trabajamos, ambos aportamos, tenemos metas, compartimos, hacemos lo que hace cualquier pareja heterosexual.<\/p>\n<p>La Iglesia ha querido vernos como enfermos, sodomitas, desviados. Para amar solo se necesita tener sentimientos y tener coraz\u00f3n. Lo importante es que haya mejores seres humanos. Heterosexuales hay muchos, pero la calidad no es la mejor.<\/p>\n<p><strong>RAFAEL ANTONIO PAB\u00d3N<\/strong><\/p>\n<p><strong><a href=\"mailto:rafaelpabon58@hotmail.com\">rafaelpabon58@hotmail.com<\/a><\/strong><\/p>\n<p>Foto: \u00a0<a href=\"http:\/\/www.cristianosgays.com\">www.cristianosgays.com<\/a><\/p>\n<p>&nbsp; <\/p>\n","protected":false},"excerpt":{"rendered":"<p>\u00bfC\u00f3mo vocero de la comunidad LGBTI en C\u00facuta c\u00f3mo le parece el fallo de la Corte Constitucional acerca de la adopci\u00f3n de ni\u00f1os por parte de parejas homosexuales? Los l\u00edderes de las comunidades que trabajamos por los derechos de las minor\u00edas sexuales consideramos que no es la decisi\u00f3n que esper\u00e1bamos. Durante muchos a\u00f1os hemos estado &hellip;<\/p>\n","protected":false},"author":1,"featured_media":23598,"comment_status":"open","ping_status":"open","sticky":false,"template":"","format":"standard","meta":{"footnotes":""},"categories":[7,36],"tags":[2081,685,2080],"class_list":["post-23597","post","type-post","status-publish","format-standard","has-post-thumbnail","hentry","category-acontecimientos","category-la-voz-del-pueblo","tag-adopcion-de-ninos-or-parejas-homosexuales","tag-comunidad-lgbti","tag-fallo-de-la-corte-constitucional"],"_links":{"self":[{"href":"https:\/\/contraluzcucuta.co\/index.php?rest_route=\/wp\/v2\/posts\/23597","targetHints":{"allow":["GET"]}}],"collection":[{"href":"https:\/\/contraluzcucuta.co\/index.php?rest_route=\/wp\/v2\/posts"}],"about":[{"href":"https:\/\/contraluzcucuta.co\/index.php?rest_route=\/wp\/v2\/types\/post"}],"author":[{"embeddable":true,"href":"https:\/\/contraluzcucuta.co\/index.php?rest_route=\/wp\/v2\/users\/1"}],"replies":[{"embeddable":true,"href":"https:\/\/contraluzcucuta.co\/index.php?rest_route=%2Fwp%2Fv2%2Fcomments&post=23597"}],"version-history":[{"count":1,"href":"https:\/\/contraluzcucuta.co\/index.php?rest_route=\/wp\/v2\/posts\/23597\/revisions"}],"predecessor-version":[{"id":23599,"href":"https:\/\/contraluzcucuta.co\/index.php?rest_route=\/wp\/v2\/posts\/23597\/revisions\/23599"}],"wp:featuredmedia":[{"embeddable":true,"href":"https:\/\/contraluzcucuta.co\/index.php?rest_route=\/wp\/v2\/media\/23598"}],"wp:attachment":[{"href":"https:\/\/contraluzcucuta.co\/index.php?rest_route=%2Fwp%2Fv2%2Fmedia&parent=23597"}],"wp:term":[{"taxonomy":"category","embeddable":true,"href":"https:\/\/contraluzcucuta.co\/index.php?rest_route=%2Fwp%2Fv2%2Fcategories&post=23597"},{"taxonomy":"post_tag","embeddable":true,"href":"https:\/\/contraluzcucuta.co\/index.php?rest_route=%2Fwp%2Fv2%2Ftags&post=23597"}],"curies":[{"name":"wp","href":"https:\/\/api.w.org\/{rel}","templated":true}]}}