{"id":23590,"date":"2015-02-17T22:23:35","date_gmt":"2015-02-18T03:23:35","guid":{"rendered":"http:\/\/contraluzcucuta.co\/?p=23590"},"modified":"2015-02-17T22:23:35","modified_gmt":"2015-02-18T03:23:35","slug":"futbol-de-primera-lo-importante-es-entrar-al-octogonal-cadena","status":"publish","type":"post","link":"https:\/\/contraluzcucuta.co\/?p=23590","title":{"rendered":"F\u00daTBOL DE PRIMERA. \u201cLo importante es entrar al octogonal\u201d: Cadena"},"content":{"rendered":"<p><strong>C\u00daCUTA.-<\/strong> Real Santander ser\u00e1 el encargado de darle la bienvenida al C\u00facuta Deportivo a la Copa Colombia, en el estadio \u2018\u00c1lvaro G\u00f3mez Hurtado\u2019. El cuadro motil\u00f3n no corri\u00f3 con suerte en los dos \u00faltimos partidos de la Liga y cay\u00f3 ante Patriotas (3-0) y Millonarios (3-0). Los dos resultados negativos dejaron mal sabor entre los aficionados, que no ven con buenos ojos a algunos jugadores.<\/p>\n<p>El presidente del club Jos\u00e9 Augusto Cadena, en di\u00e1logo con el programa de televisi\u00f3n \u2018La Furia\u2019, dijo que \u201cno podemos llegar y enga\u00f1ar a la gente\u201d con la conformaci\u00f3n del once rojinegro. Se\u00f1al\u00f3 que no puede \u00a0\u201cdecir es que vamos a armar un equipo para ser campeones. Desde luego, todos cuando empezamos un torneo so\u00f1amos con ser campeones\u201d.<\/p>\n<p>Entre los miembros del grupo se\u00f1alados como responsables por las derrotas en Tunja y Bogot\u00e1 est\u00e1 el arquero Wilder Mosquera. Las cr\u00edticas se fundamentan en la falta de salida para recortar los centros al \u00e1rea chica. La llegada del uruguayo Michael Etulain Castro para custodiar el arco del cuadro fronterizo pone a pensar en positivo a los hinchas.<\/p>\n<p>El portero charr\u00faa naci\u00f3 en Montevideo, el\u00a0 31 de octubre de 1980. Inici\u00f3 la carrera deportiva en Danubi\u00f3. Luego, pas\u00f3 por\u00a0 Oriente Petrolero (Bolivia), Uni\u00f3n Santa Fe, Talleres de C\u00f3rdoba, Sarmiento de Jun\u00edn\u00a0 y Ferrocarril Oeste (Argentina). En Portugal jug\u00f3 en Portimonense, y recientemente hizo parte de Patronato de Paran\u00e1 (Argentina).<\/p>\n<p>El cuadro rojinegro tambi\u00e9n incluy\u00f3 en la plantilla al defensa cucute\u00f1o Darwin Carrero. La inscripci\u00f3n de los dos jugadores cerr\u00f3 la n\u00f3mina registrada en la Dimayor.<\/p>\n<p>Cadena sostuvo que el primer objetivo, que tienen claro y marcado jugadores y cuerpo t\u00e9cnico, es salir de la zona del descenso y salvar la categor\u00eda. \u201cComenzamos con una diferencia grande respecto a los dem\u00e1s equipos. Queremos sumar la mayor cantidad de puntos para no tener ese apremio de volver a jugar el descenso\u201d.<\/p>\n<p>Reiter\u00f3 que la prioridad es buscar alejarse del fantasma que asusta a los fan\u00e1ticos, por cuanto reci\u00e9n el equipo volvi\u00f3 a la primera categor\u00eda luego de caer a la B en el 2013. \u201cQue la gente lo tenga claro, aqu\u00ed lo importante es entrar al octogonal. Eso es lo importante\u201d.<\/p>\n<p>El C\u00facuta Deportivo afront\u00f3 los dos primeros encuentros de la Liga en calidad de local y venci\u00f3 a J\u00fanior (1-0) y empat\u00f3 con Santa Fe (2-2) en el General Santander. En los dos juegos 70.000 aficionaron colmaron los grader\u00edos del estadio y salieron satisfechos por los resultados. Sin embargo, la \u00faltima semana fue de pesares para los seguidores por los reveses en tierra fr\u00eda.<\/p>\n<p>\u201cNadie nos quita la posibilidad de so\u00f1ar y estamos buscando c\u00f3mo entrar al octogonal. Sumando puntos de local nos basta para entrar y nos salvar\u00edamos del descenso\u201d. Esas son las cuentas del presidente Cadena. Los nervios de los fan\u00e1ticos apuntan hacia otra direcci\u00f3n y mantienen la creencia que faltaron refuerzos de peso para acomodar la l\u00ednea vertebral.<\/p>\n<p>Los jugadores inscritos en Dimayor son los siguientes:<\/p>\n<p>Wilder Mosquera Roma\u00f1a, Sergio Andr\u00e9s Avellaneda Morales, Michael Etulain Castro, Juan Daniel Murillo, David G\u00f3mez Rojas, Darwin Carrero Ortega, Franco Sebasti\u00e1n Sosa, Pablo Andr\u00e9s Escobar, Eduar Caicedo Solis, Luis Miguel Vergara Rodr\u00edguez, Jhon Garc\u00eda Zabala, Andr\u00e9s Arboleda Hurtado, Gerardo Bedoya Munera, Diego Espinel Malpica y Mauricio Mar\u00edn Giraldo, Alexis Ossa L\u00f3pez, Jefferson Murillo Aguilar, Gerardo Bedoya Munera, Franco Jos\u00e9 Del Giglio, Edwin M\u00f3vil Cabrera, Jos\u00e9 David Lloreda, Edwards Jim\u00e9nez G\u00f3mez, Cristian Cang\u00e1 Vargas, Jonathan Palacios Lucas y Marco Lazaga D\u00e1valos.<\/p>\n<p><strong>RAFAEL ANTONIO PAB\u00d3N<\/strong><\/p>\n<p><strong><a href=\"mailto:rafaelpabon58@hotmail.com\">rafaelpabon58@hotmail.com<\/a><\/strong><\/p>\n<p><strong>Foto: <a href=\"http:\/\/www.facebook.com\/pages\/Cucuta-Deportivo\">www.facebook.com\/pages\/Cucuta-Deportivo<\/a><\/strong><\/p>\n<p>&nbsp;<\/p>\n<p>&nbsp; <\/p>\n","protected":false},"excerpt":{"rendered":"<p>C\u00daCUTA.- Real Santander ser\u00e1 el encargado de darle la bienvenida al C\u00facuta Deportivo a la Copa Colombia, en el estadio \u2018\u00c1lvaro G\u00f3mez Hurtado\u2019. El cuadro motil\u00f3n no corri\u00f3 con suerte en los dos \u00faltimos partidos de la Liga y cay\u00f3 ante Patriotas (3-0) y Millonarios (3-0). Los dos resultados negativos dejaron mal sabor entre los &hellip;<\/p>\n","protected":false},"author":1,"featured_media":23591,"comment_status":"open","ping_status":"open","sticky":false,"template":"","format":"standard","meta":{"footnotes":""},"categories":[28],"tags":[2078,192,2010],"class_list":["post-23590","post","type-post","status-publish","format-standard","has-post-thumbnail","hentry","category-vistazo-deportivo","tag-copa-aguila","tag-cucuta-deportivo","tag-liga-aguila"],"_links":{"self":[{"href":"https:\/\/contraluzcucuta.co\/index.php?rest_route=\/wp\/v2\/posts\/23590","targetHints":{"allow":["GET"]}}],"collection":[{"href":"https:\/\/contraluzcucuta.co\/index.php?rest_route=\/wp\/v2\/posts"}],"about":[{"href":"https:\/\/contraluzcucuta.co\/index.php?rest_route=\/wp\/v2\/types\/post"}],"author":[{"embeddable":true,"href":"https:\/\/contraluzcucuta.co\/index.php?rest_route=\/wp\/v2\/users\/1"}],"replies":[{"embeddable":true,"href":"https:\/\/contraluzcucuta.co\/index.php?rest_route=%2Fwp%2Fv2%2Fcomments&post=23590"}],"version-history":[{"count":1,"href":"https:\/\/contraluzcucuta.co\/index.php?rest_route=\/wp\/v2\/posts\/23590\/revisions"}],"predecessor-version":[{"id":23592,"href":"https:\/\/contraluzcucuta.co\/index.php?rest_route=\/wp\/v2\/posts\/23590\/revisions\/23592"}],"wp:featuredmedia":[{"embeddable":true,"href":"https:\/\/contraluzcucuta.co\/index.php?rest_route=\/wp\/v2\/media\/23591"}],"wp:attachment":[{"href":"https:\/\/contraluzcucuta.co\/index.php?rest_route=%2Fwp%2Fv2%2Fmedia&parent=23590"}],"wp:term":[{"taxonomy":"category","embeddable":true,"href":"https:\/\/contraluzcucuta.co\/index.php?rest_route=%2Fwp%2Fv2%2Fcategories&post=23590"},{"taxonomy":"post_tag","embeddable":true,"href":"https:\/\/contraluzcucuta.co\/index.php?rest_route=%2Fwp%2Fv2%2Ftags&post=23590"}],"curies":[{"name":"wp","href":"https:\/\/api.w.org\/{rel}","templated":true}]}}