{"id":23587,"date":"2015-02-17T21:34:04","date_gmt":"2015-02-18T02:34:04","guid":{"rendered":"http:\/\/contraluzcucuta.co\/?p=23587"},"modified":"2015-02-19T21:41:04","modified_gmt":"2015-02-20T02:41:04","slug":"notas-al-margen-necesidad-y-urgencia-de-un-nuevo-despertar-regional","status":"publish","type":"post","link":"https:\/\/contraluzcucuta.co\/?p=23587","title":{"rendered":"NOTAS AL MARGEN: Necesidad y urgencia de un nuevo despertar regional\u00a0\u00a0\u00a0\u00a0\u00a0"},"content":{"rendered":"<p>1.- Leyendo el\u00a0 ilustrado libro que sobre El Estado de Santander present\u00f3 Eduardo Duran\u00a0 G\u00f3mez como requisito estatutario para posesionarse\u00a0 merecidamente como Miembro de N\u00famero\u00a0 de la Academia Colombiana de Historia, y detallando la investigaci\u00f3n que sobre el tema escogido hizo Otto Morales Ben\u00edtez, necesariamente, se llega a la conclusi\u00f3n que la valoraci\u00f3n y la particularizaci\u00f3n sobre lo que sucedi\u00f3 durante la mitad del siglo XIX, cuando se\u00a0 cumplieron y definieron muchas posturas pol\u00edticas, de gobierno y culturales, es, as\u00ed mismo, una etapa hist\u00f3rica de significativa importancia por lo revolucionaria que como bien se anota \u201cabri\u00f3 la posibilidad de que la libertad alcanzara su plenitud pol\u00edtica\u201d y \u201cse formularan\u00a0\u00a0 las ideas nacionales por hombres de visionaria orientaci\u00f3n\u201d. Y, porque, \u201cse buscaba definir qu\u00e9 se entend\u00eda como patria\u201d. S\u00ed, \u201cera un momento excepcional, para definir c\u00f3mo se deb\u00eda orientar a la comunidad\u00a0 y \u201cse aclaraban, por primera vez &#8211; despu\u00e9s de la Independencia &#8211; las posiciones frente a los grandes problemas\u201d.<\/p>\n<p>2.-Impresionante, aleccionador y especialmente enriquecedor este aporte,\u00a0 y el conocer cuanto tuvo mayor relieve y connotaci\u00f3n, porque\u00a0 se alude igualmente al Plan de Estudios del General Santander, de 1826, a la libertad de cultos, a las logias mas\u00f3nicas, la fundaci\u00f3n de colegios y universidades, m\u00e1s un\u00a0 repaso\u00a0 de regiones, provincias y ciudades que entran y salen en las diferentes iniciativas, junto a los principales protagonistas del Estado de Santander. Y las provincias de Santander, Pamplona, Oca\u00f1a, Garc\u00eda Rovira, Socorro, V\u00e9lez y Soto, en unas referencias que destacan su protagonismo.<\/p>\n<p>3. Traigo como referencia lo anterior, porque si penetr\u00e1ramos en la\u00a0 realidad regional que nos corresponde y en las importantes acciones que tuvieron por escenario \u201cla creaci\u00f3n, sus concepciones y alcances de El Estado de Santander\u201d, irremediablemente, llegaremos a la conclusi\u00f3n, que en avances de uni\u00f3n, coordinaci\u00f3n, planeaci\u00f3n del desarrollo, descentralizaci\u00f3n y representatividad otras regiones y \u00e1reas nacionales como Antioquia, Valle del Cauca\u00a0 y la Costa Atl\u00e1ntica \u2013 que siempre fue un hervidero de separaciones \u2013 y sin descuidar lo que acontece en la Orinoquia, ante los programas de altillanura que se cumplen sobre infraestructura vial y de servicios, sorgo, arroz, palma africana y ganader\u00eda intensiva, m\u00e1s las perspectivas de empalmes sobre gas e hidrocarburos, nos superan amplia y notoriamente.<\/p>\n<p>Todo lo anterior \u00bfpor qu\u00e9 y para qu\u00e9?\u00a0 Porque han faltado uni\u00f3n y liderazgo en los prospectos y prop\u00f3sitos b\u00e1sicos y estructurales, que se deben definir, impulsar y obtener para que el Nororiente de Colombia asuma la importante postura de representatividad, conectividad y logros que su estrat\u00e9gica ubicaci\u00f3n geopol\u00edtica, social y econ\u00f3mica le determinan y\u00a0 puede cumplir.<\/p>\n<p>Ojal\u00e1, las Academias de Historia\u00a0 y universidades del Nororiente\u00a0 de Colombia sean convocadas para propiciar y validar el relieve a lo que todav\u00eda hace falta hacer para as\u00ed iniciar ese nuevo despertar de lo que es, representa\u00a0 y significa esta esquina de la rep\u00fablica, en sus proyecciones regionales, nacionales e internacionales. Y, porque la insolidaridad y la falta de labor mancomunada y en equipo deben superarse.<\/p>\n<p><strong>JOS\u00c9 NEIRA REY<\/strong><\/p>\n<p><strong><a href=\"mailto:jneirarey@hotmail.com\">jneirarey@hotmail.com<\/a><\/strong><\/p>\n<p>Foto:\u00a0<a class=\"_ZR irc_hol\" style=\"color: #7d7d7d;\" href=\"https:\/\/www.google.com.co\/url?sa=i&amp;rct=j&amp;q=&amp;esrc=s&amp;source=images&amp;cd=&amp;cad=rja&amp;uact=8&amp;ved=0CAYQjB0&amp;url=http%3A%2F%2Fwikimapia.org%2F15848248%2FTemplo-Historico-de-Villa-Del-Rosario&amp;ei=8fnjVNKJOcqdgwSu1YCQCw&amp;bvm=bv.85970519,d.eXY&amp;psig=AFQjCNG3VoRr99fQq1vvJ2FWeZjjJnKsBQ&amp;ust=1424313186352097\" data-ved=\"0CAYQjB0\" data-href=\"http:\/\/wikimapia.org\/15848248\/Templo-Historico-de-Villa-Del-Rosario\"><span class=\"irc_ho\" dir=\"ltr\" style=\"color: #7d7d7d;\">wikimapia.org<\/span><\/a> <\/p>\n","protected":false},"excerpt":{"rendered":"<p>1.- Leyendo el\u00a0 ilustrado libro que sobre El Estado de Santander present\u00f3 Eduardo Duran\u00a0 G\u00f3mez como requisito estatutario para posesionarse\u00a0 merecidamente como Miembro de N\u00famero\u00a0 de la Academia Colombiana de Historia, y detallando la investigaci\u00f3n que sobre el tema escogido hizo Otto Morales Ben\u00edtez, necesariamente, se llega a la conclusi\u00f3n que la valoraci\u00f3n y la &hellip;<\/p>\n","protected":false},"author":1,"featured_media":23588,"comment_status":"open","ping_status":"open","sticky":false,"template":"","format":"standard","meta":{"footnotes":""},"categories":[14,32],"tags":[303,956],"class_list":["post-23587","post","type-post","status-publish","format-standard","has-post-thumbnail","hentry","category-articulistas","category-recorrido-por-la-region","tag-jose-neira-rey","tag-notas-al-margen"],"_links":{"self":[{"href":"https:\/\/contraluzcucuta.co\/index.php?rest_route=\/wp\/v2\/posts\/23587","targetHints":{"allow":["GET"]}}],"collection":[{"href":"https:\/\/contraluzcucuta.co\/index.php?rest_route=\/wp\/v2\/posts"}],"about":[{"href":"https:\/\/contraluzcucuta.co\/index.php?rest_route=\/wp\/v2\/types\/post"}],"author":[{"embeddable":true,"href":"https:\/\/contraluzcucuta.co\/index.php?rest_route=\/wp\/v2\/users\/1"}],"replies":[{"embeddable":true,"href":"https:\/\/contraluzcucuta.co\/index.php?rest_route=%2Fwp%2Fv2%2Fcomments&post=23587"}],"version-history":[{"count":1,"href":"https:\/\/contraluzcucuta.co\/index.php?rest_route=\/wp\/v2\/posts\/23587\/revisions"}],"predecessor-version":[{"id":23589,"href":"https:\/\/contraluzcucuta.co\/index.php?rest_route=\/wp\/v2\/posts\/23587\/revisions\/23589"}],"wp:featuredmedia":[{"embeddable":true,"href":"https:\/\/contraluzcucuta.co\/index.php?rest_route=\/wp\/v2\/media\/23588"}],"wp:attachment":[{"href":"https:\/\/contraluzcucuta.co\/index.php?rest_route=%2Fwp%2Fv2%2Fmedia&parent=23587"}],"wp:term":[{"taxonomy":"category","embeddable":true,"href":"https:\/\/contraluzcucuta.co\/index.php?rest_route=%2Fwp%2Fv2%2Fcategories&post=23587"},{"taxonomy":"post_tag","embeddable":true,"href":"https:\/\/contraluzcucuta.co\/index.php?rest_route=%2Fwp%2Fv2%2Ftags&post=23587"}],"curies":[{"name":"wp","href":"https:\/\/api.w.org\/{rel}","templated":true}]}}