{"id":23580,"date":"2015-02-17T16:28:46","date_gmt":"2015-02-17T21:28:46","guid":{"rendered":"http:\/\/contraluzcucuta.co\/?p=23580"},"modified":"2015-02-19T21:12:42","modified_gmt":"2015-02-20T02:12:42","slug":"campana-de-la-diocesis-nos-une-el-bien-comun","status":"publish","type":"post","link":"https:\/\/contraluzcucuta.co\/?p=23580","title":{"rendered":"CAMPA\u00d1A DE LA DI\u00d3CESIS. \u2018\u00bfNos une el bien com\u00fan?\u2019"},"content":{"rendered":"<p><strong>C\u00daCUTA.<\/strong>&#8211; Dos momentos de las ense\u00f1anzas de Jes\u00fas en la Tierra (Mt 25, 35) enmarcan la Campa\u00f1a de Comunicaci\u00f3n Cristiana de Bienes 2015 en C\u00facuta. La atenci\u00f3n al sediento y la ayuda al forastero hacen parte del lema de este a\u00f1o. \u2018\u00bfNos une el bien com\u00fan?\u2019 es la pregunta planteada para resolver en el tiempo de cuaresma que comienza con el Mi\u00e9rcoles de Ceniza.<\/p>\n<p>La Di\u00f3cesis y la Corporaci\u00f3n de Servicio Pastoral Social (Cospas) escogieron como beneficiarios de los recursos que se recolectan en los templos a los campesinos y a los deportados. \u2018Porque tuve sed y ustedes me dieron de beber\u2019 es el primer mensaje para despertar la conciencia hacia la naturaleza. En el 2014, hubo en C\u00facuta 1600 hect\u00e1reas quemadas por el calentamiento global.<\/p>\n<p>\u2018Fui forastero y ustedes me acogieron\u2019 es el segundo mensaje para voltear los ojos hacia el Centro de Migraciones. El a\u00f1o pasado sufrieron la deportaci\u00f3n m\u00e1s de 2000 colombianos. En los dos primeros meses del 2015, van 300.<\/p>\n<p>Entre los objetivos de la campa\u00f1a, que comenz\u00f3 en 1982 en el pa\u00eds, destacan:<\/p>\n<p>1.- Sensibilizar a los nortesantandereanos<\/p>\n<p>2.- Motivarlos a ejecutar obras de solidaridad ante la deportaci\u00f3n de colombianos desde Venezuela<\/p>\n<p>3.- Trabajar por la reconciliaci\u00f3n con la creaci\u00f3n<\/p>\n<p>4.- Cuidar el agua, uno de los recursos m\u00e1s preciados del planeta, y el medio ambiente.<\/p>\n<p>\u201cEsta es la expresi\u00f3n concreta del esp\u00edritu de la Cuaresma\u201d, dijo monse\u00f1or Julio C\u00e9sar Vidal Ortiz en la presentaci\u00f3n de la campa\u00f1a ante los medios locales de comunicaci\u00f3n. Explic\u00f3 que este tiempo de conversi\u00f3n invita a dignificar la vida cristiana y a mejorarla por medio de la confesi\u00f3n de los pecados, la oraci\u00f3n, el ayuno y la limosna. \u201cAyuno y dejo de comer ciertos elementos para ofrecer ese dinero a los necesitados\u201d.<\/p>\n<p>Los frutos de la campa\u00f1a de a\u00f1os anteriores se destinaron a atender las necesidades de los damnificados de la tragedia en Gramalote con apoyo a las familias con subsidios de arriendo y construcci\u00f3n de 80 alojamientos temporales. Tambi\u00e9n, a la edificaci\u00f3n de la Iglesia con la construcci\u00f3n de templos en comunidades y la compra del terreno para el Centro de Atenci\u00f3n Integral para la Mujer Embarazada en Crisis.<\/p>\n<p>La campa\u00f1a ha estado direccionada de acuerdo con las necesidades presentadas entre la comunidad. En el 2015, est\u00e1 orientada a salirle al paso al Fen\u00f3meno de El Ni\u00f1o y a\u00a0 las sequ\u00edas que afectar\u00e1n a los campesinos. \u201cQueremos adelantarnos, y aunque no ha sido r\u00edgido y estricto, queremos como Iglesia, apoyados con los cat\u00f3licos, tener la posibilidad de ayudar a la gente cuando lo necesite. Si falta el agua faltan los alimentos. Queremos estar prontos a tender nuestra mano a los afectados por la carencia del l\u00edquido\u201d, se\u00f1al\u00f3 el Obispo de C\u00facuta.<\/p>\n<p>Los expulsados desde Venezuela, oriundos de otros lugares del pa\u00eds, han formado parte de la actividad de la Iglesia. Van 200, entre diciembre y febrero, por lo que \u201cqueremos tener unos recursos para atender a esos hermanos. El mundo tiende olvidar a estos despose\u00eddos y excluidos de los bienes que goza la sociedad\u201d.<\/p>\n<p>La jornada se desarrollar\u00e1 en colegios, universidades, parroquias, empresas y familias, donde se pondr\u00e1n alcanc\u00edas para el dep\u00f3sito de las donaciones econ\u00f3micas. La acogida se constituye en la respuesta al llamado del papa Francisco a vivir la fe con obras de solidaridad y a compartir la alegr\u00eda del Evangelio. <\/p>\n","protected":false},"excerpt":{"rendered":"<p>C\u00daCUTA.&#8211; Dos momentos de las ense\u00f1anzas de Jes\u00fas en la Tierra (Mt 25, 35) enmarcan la Campa\u00f1a de Comunicaci\u00f3n Cristiana de Bienes 2015 en C\u00facuta. La atenci\u00f3n al sediento y la ayuda al forastero hacen parte del lema de este a\u00f1o. \u2018\u00bfNos une el bien com\u00fan?\u2019 es la pregunta planteada para resolver en el tiempo &hellip;<\/p>\n","protected":false},"author":1,"featured_media":23581,"comment_status":"open","ping_status":"open","sticky":false,"template":"","format":"standard","meta":{"footnotes":""},"categories":[556,6],"tags":[2075,8,191],"class_list":["post-23580","post","type-post","status-publish","format-standard","has-post-thumbnail","hentry","category-departamento","category-ojo-avizor","tag-campana-de-comunicacion-cristiana-de-bienes-2015-en-cucuta","tag-diocesis-de-cucuta","tag-monsenor-julio-cesar-vidal"],"_links":{"self":[{"href":"https:\/\/contraluzcucuta.co\/index.php?rest_route=\/wp\/v2\/posts\/23580","targetHints":{"allow":["GET"]}}],"collection":[{"href":"https:\/\/contraluzcucuta.co\/index.php?rest_route=\/wp\/v2\/posts"}],"about":[{"href":"https:\/\/contraluzcucuta.co\/index.php?rest_route=\/wp\/v2\/types\/post"}],"author":[{"embeddable":true,"href":"https:\/\/contraluzcucuta.co\/index.php?rest_route=\/wp\/v2\/users\/1"}],"replies":[{"embeddable":true,"href":"https:\/\/contraluzcucuta.co\/index.php?rest_route=%2Fwp%2Fv2%2Fcomments&post=23580"}],"version-history":[{"count":1,"href":"https:\/\/contraluzcucuta.co\/index.php?rest_route=\/wp\/v2\/posts\/23580\/revisions"}],"predecessor-version":[{"id":23582,"href":"https:\/\/contraluzcucuta.co\/index.php?rest_route=\/wp\/v2\/posts\/23580\/revisions\/23582"}],"wp:featuredmedia":[{"embeddable":true,"href":"https:\/\/contraluzcucuta.co\/index.php?rest_route=\/wp\/v2\/media\/23581"}],"wp:attachment":[{"href":"https:\/\/contraluzcucuta.co\/index.php?rest_route=%2Fwp%2Fv2%2Fmedia&parent=23580"}],"wp:term":[{"taxonomy":"category","embeddable":true,"href":"https:\/\/contraluzcucuta.co\/index.php?rest_route=%2Fwp%2Fv2%2Fcategories&post=23580"},{"taxonomy":"post_tag","embeddable":true,"href":"https:\/\/contraluzcucuta.co\/index.php?rest_route=%2Fwp%2Fv2%2Ftags&post=23580"}],"curies":[{"name":"wp","href":"https:\/\/api.w.org\/{rel}","templated":true}]}}