{"id":23569,"date":"2015-02-15T18:57:20","date_gmt":"2015-02-15T23:57:20","guid":{"rendered":"http:\/\/contraluzcucuta.co\/?p=23569"},"modified":"2015-02-17T21:39:25","modified_gmt":"2015-02-18T02:39:25","slug":"pacto-por-la-vida-alianza-entre-policia-y-conductores-de-gruas","status":"publish","type":"post","link":"https:\/\/contraluzcucuta.co\/?p=23569","title":{"rendered":"PACTO POR LA VIDA. Alianza entre Polic\u00eda y conductores de gr\u00faas"},"content":{"rendered":"<p><strong>C\u00daCUTA.-<\/strong> El \u2018Pacto por la vida\u2019 firmado entre treinta conductores de gr\u00faas de la regi\u00f3n y la Polic\u00eda Metropolitana de C\u00facuta es una estrategia que busca reducir los \u00edndices de accidentalidad vial y contrarrestar la violaci\u00f3n de las normas viales.<\/p>\n<p>El 31 de enero, se adelant\u00f3 el mismo compromiso con los trasportadores escolares. Ahora, conductores y propietarios de esos veh\u00edculos de uso comercial aceptaron la invitaci\u00f3n de la Seccional de Tr\u00e1nsito y Trasporte (Setra) y firmaron el \u2018pacto\u2019 como s\u00edmbolo de apego a las normas viales vigentes y la protecci\u00f3n de la vida en la v\u00eda.<\/p>\n<p>Una empresa que presta el servicio local y departamental vincul\u00f3 a conductores, familiares y trabajadores a la iniciativa, que tiene como objetivo proteger el don de la vida. Participaron de una actividad especial en la que se socializ\u00f3 la alianza estrat\u00e9gica por la seguridad. Recibieron certificados que los identifican como decididos salvaguardas viales.<\/p>\n<p>Durante el acto, conductores y propietarios se comprometieron con Dios, con las familias, con el gerente de la empresa y con la Polic\u00eda a ser excelentes usuarios de la v\u00eda, sea cual sea su papel, como conductor, pasajero, peat\u00f3n, ciclista o motociclista.<\/p>\n<p>El compromiso significa la corresponsabilidad entre los conductores, la empresa y la Seccional de Tr\u00e1nsito y Transporte (Setra) para cumplir las normas. En caso que se violen se ejercer\u00e1n las sanciones de comparendo sancionatorio y acciones administrativas a las que haya lugar.<\/p>\n<p>En el encuentro, adem\u00e1s, se socializaron de las infracciones comunes en las que incurren los conductores:<\/p>\n<p>1.- No hacer uso correcto del cintur\u00f3n de seguridad<\/p>\n<p>2.- Mal estacionamiento<\/p>\n<p>3.- Utilizaci\u00f3n del tel\u00e9fono celular mientras conducen<\/p>\n<p>4.- Obstaculizaci\u00f3n de la v\u00eda<\/p>\n<p>5.- No cumplir adecuadamente con el protocolo establecido para el trasporte de automotores.<\/p>\n<p>La firma del pacto por la vida culmin\u00f3 con una caravana que parti\u00f3 de la Avenida Las Am\u00e9ricas, recorri\u00f3 varias zonas de la ciudad y culmin\u00f3 en la Plaza de Banderas.<\/p>\n<p>Foto: PRENSA MECUC <\/p>\n","protected":false},"excerpt":{"rendered":"<p>C\u00daCUTA.- El \u2018Pacto por la vida\u2019 firmado entre treinta conductores de gr\u00faas de la regi\u00f3n y la Polic\u00eda Metropolitana de C\u00facuta es una estrategia que busca reducir los \u00edndices de accidentalidad vial y contrarrestar la violaci\u00f3n de las normas viales. El 31 de enero, se adelant\u00f3 el mismo compromiso con los trasportadores escolares. Ahora, conductores &hellip;<\/p>\n","protected":false},"author":1,"featured_media":23570,"comment_status":"open","ping_status":"open","sticky":false,"template":"","format":"standard","meta":{"footnotes":""},"categories":[541,6],"tags":[2071,323,163],"class_list":["post-23569","post","type-post","status-publish","format-standard","has-post-thumbnail","hentry","category-ciudad","category-ojo-avizor","tag-conductores-de-gruas","tag-mecuc","tag-policia-metropolitana"],"_links":{"self":[{"href":"https:\/\/contraluzcucuta.co\/index.php?rest_route=\/wp\/v2\/posts\/23569","targetHints":{"allow":["GET"]}}],"collection":[{"href":"https:\/\/contraluzcucuta.co\/index.php?rest_route=\/wp\/v2\/posts"}],"about":[{"href":"https:\/\/contraluzcucuta.co\/index.php?rest_route=\/wp\/v2\/types\/post"}],"author":[{"embeddable":true,"href":"https:\/\/contraluzcucuta.co\/index.php?rest_route=\/wp\/v2\/users\/1"}],"replies":[{"embeddable":true,"href":"https:\/\/contraluzcucuta.co\/index.php?rest_route=%2Fwp%2Fv2%2Fcomments&post=23569"}],"version-history":[{"count":1,"href":"https:\/\/contraluzcucuta.co\/index.php?rest_route=\/wp\/v2\/posts\/23569\/revisions"}],"predecessor-version":[{"id":23571,"href":"https:\/\/contraluzcucuta.co\/index.php?rest_route=\/wp\/v2\/posts\/23569\/revisions\/23571"}],"wp:featuredmedia":[{"embeddable":true,"href":"https:\/\/contraluzcucuta.co\/index.php?rest_route=\/wp\/v2\/media\/23570"}],"wp:attachment":[{"href":"https:\/\/contraluzcucuta.co\/index.php?rest_route=%2Fwp%2Fv2%2Fmedia&parent=23569"}],"wp:term":[{"taxonomy":"category","embeddable":true,"href":"https:\/\/contraluzcucuta.co\/index.php?rest_route=%2Fwp%2Fv2%2Fcategories&post=23569"},{"taxonomy":"post_tag","embeddable":true,"href":"https:\/\/contraluzcucuta.co\/index.php?rest_route=%2Fwp%2Fv2%2Ftags&post=23569"}],"curies":[{"name":"wp","href":"https:\/\/api.w.org\/{rel}","templated":true}]}}