{"id":23566,"date":"2015-02-15T18:10:10","date_gmt":"2015-02-15T23:10:10","guid":{"rendered":"http:\/\/contraluzcucuta.co\/?p=23566"},"modified":"2015-02-17T16:32:52","modified_gmt":"2015-02-17T21:32:52","slug":"dia-del-periodista-periodismo-y-paz","status":"publish","type":"post","link":"https:\/\/contraluzcucuta.co\/?p=23566","title":{"rendered":"D\u00cdA DEL PERIODISTA. Periodismo y paz"},"content":{"rendered":"<p>El 9 de febrero, se celebr\u00f3 el D\u00eda del Periodista, en el marco de los 70 a\u00f1os del C\u00edrculo de Periodistas de Bogot\u00e1 (CPB), acto en el que se premi\u00f3 a los mejores comunicadores sociales y periodistas que por su esfuerzo y dedicaci\u00f3n profesional han descollado con su pluma e investigaciones period\u00edsticas en el campo de la prensa, la radio y la televisi\u00f3n.<\/p>\n<p>Estos eventos conmemorativos no s\u00f3lo deben quedarse en la simple entrega de merecidos galardones a los periodistas, sino tambi\u00e9n para recabar con vehemencia acerca de la preservaci\u00f3n de la independencia de los medios y, por sobre todo, exaltando el paradigma constitucional que nos indica c\u00f3mo la prensa es libre, pero responsable, dentro de un Estado social y democr\u00e1tico de derecho.<\/p>\n<p>En ese orden de ideas, vale la pena auscultar y reflexionar sinceramente en qu\u00e9 medida tienen o no los periodistas responsabilidad y l\u00edmites en sus opiniones, trasmitidas por los distintos medios de comunicaci\u00f3n social, empero reclamando siempre con suma justicia, que no exista m\u00e1s violencia contras las palabras y que la vida e integridad de los informadores sea sagrada y respetada durante el ejercicio de su profesi\u00f3n.<\/p>\n<p>La prensa, sin lugar a hesitaci\u00f3n alguna, juega un papel preponderante en la promoci\u00f3n y consecuci\u00f3n de la paz, convocando desde los distintos medios de comunicaci\u00f3n a la sociedad entera, para que sin mezquindades ni sectarismos, \u00a0contribuyan a la reconciliaci\u00f3n de los colombianos.<\/p>\n<p>Los periodistas de hoy son antorchas del ineludible compromiso que a diario los concita a cumplir a cabalidad con su protagonismo hist\u00f3rico, similar al que con patriotismo y dignidad nos legaron otrora prohombres del talante y convicciones de paz tales como Alberto Lleras Camargo, \u00c1lvaro G\u00f3mez Hurtado y Guillermo Cano Isaza, entre muchos otros.<\/p>\n<p>Es la hora, entonces, de llamar a la unidad y escribir con tinta indeleble los mejores editoriales y art\u00edculos, mismos \u00a0que morigeren y hagan razonar a las voces caprichosas que se oponen a la paz y propugnan por la intolerable polarizaci\u00f3n de Colombia.<\/p>\n<p><strong>ORLANDO MORALES<\/strong><\/p>\n<p>Foto:\u00a0<strong><a class=\"_ZR irc_hol\" style=\"color: #d6d6d6;\" href=\"https:\/\/www.google.com.co\/url?sa=i&amp;rct=j&amp;q=&amp;esrc=s&amp;source=images&amp;cd=&amp;cad=rja&amp;uact=8&amp;ved=0CAYQjB0&amp;url=http%3A%2F%2Fwww.clasesdeperiodismo.com%2F2012%2F05%2F07%2Fel-ejercicio-del-periodismo-libre-corre-riesgos-muy-graves-en-mexico%2F&amp;ei=8ybhVLyTFMWjNpftgLgO&amp;bvm=bv.85970519,d.eXY&amp;psig=AFQjCNEeodT-nokDRvFEXO1_CKC2NeRD8Q&amp;ust=1424128099225803\" data-ved=\"0CAYQjB0\" data-href=\"http:\/\/www.clasesdeperiodismo.com\/2012\/05\/07\/el-ejercicio-del-periodismo-libre-corre-riesgos-muy-graves-en-mexico\/\"><span class=\"irc_ho\" dir=\"ltr\" style=\"color: #d6d6d6;\">www.clasesdeperiodismo.com<\/span><\/a><\/strong> <\/p>\n","protected":false},"excerpt":{"rendered":"<p>El 9 de febrero, se celebr\u00f3 el D\u00eda del Periodista, en el marco de los 70 a\u00f1os del C\u00edrculo de Periodistas de Bogot\u00e1 (CPB), acto en el que se premi\u00f3 a los mejores comunicadores sociales y periodistas que por su esfuerzo y dedicaci\u00f3n profesional han descollado con su pluma e investigaciones period\u00edsticas en el campo &hellip;<\/p>\n","protected":false},"author":1,"featured_media":23567,"comment_status":"open","ping_status":"open","sticky":false,"template":"","format":"standard","meta":{"footnotes":""},"categories":[14,6],"tags":[2069,572,2070],"class_list":["post-23566","post","type-post","status-publish","format-standard","has-post-thumbnail","hentry","category-articulistas","category-ojo-avizor","tag-9-de-febrero","tag-dia-del-periodista","tag-orlando-morales"],"_links":{"self":[{"href":"https:\/\/contraluzcucuta.co\/index.php?rest_route=\/wp\/v2\/posts\/23566","targetHints":{"allow":["GET"]}}],"collection":[{"href":"https:\/\/contraluzcucuta.co\/index.php?rest_route=\/wp\/v2\/posts"}],"about":[{"href":"https:\/\/contraluzcucuta.co\/index.php?rest_route=\/wp\/v2\/types\/post"}],"author":[{"embeddable":true,"href":"https:\/\/contraluzcucuta.co\/index.php?rest_route=\/wp\/v2\/users\/1"}],"replies":[{"embeddable":true,"href":"https:\/\/contraluzcucuta.co\/index.php?rest_route=%2Fwp%2Fv2%2Fcomments&post=23566"}],"version-history":[{"count":1,"href":"https:\/\/contraluzcucuta.co\/index.php?rest_route=\/wp\/v2\/posts\/23566\/revisions"}],"predecessor-version":[{"id":23568,"href":"https:\/\/contraluzcucuta.co\/index.php?rest_route=\/wp\/v2\/posts\/23566\/revisions\/23568"}],"wp:featuredmedia":[{"embeddable":true,"href":"https:\/\/contraluzcucuta.co\/index.php?rest_route=\/wp\/v2\/media\/23567"}],"wp:attachment":[{"href":"https:\/\/contraluzcucuta.co\/index.php?rest_route=%2Fwp%2Fv2%2Fmedia&parent=23566"}],"wp:term":[{"taxonomy":"category","embeddable":true,"href":"https:\/\/contraluzcucuta.co\/index.php?rest_route=%2Fwp%2Fv2%2Fcategories&post=23566"},{"taxonomy":"post_tag","embeddable":true,"href":"https:\/\/contraluzcucuta.co\/index.php?rest_route=%2Fwp%2Fv2%2Ftags&post=23566"}],"curies":[{"name":"wp","href":"https:\/\/api.w.org\/{rel}","templated":true}]}}