{"id":23563,"date":"2015-02-15T17:35:50","date_gmt":"2015-02-15T22:35:50","guid":{"rendered":"http:\/\/contraluzcucuta.co\/?p=23563"},"modified":"2015-02-17T16:23:38","modified_gmt":"2015-02-17T21:23:38","slug":"extradicion-de-cucutenos-tranquilo-papa-no-debo-nada-jair-ramirez","status":"publish","type":"post","link":"https:\/\/contraluzcucuta.co\/?p=23563","title":{"rendered":"EXTRADICI\u00d3N DE CUCUTE\u00d1OS. `Tranquilo pap\u00e1, no debo nada\u2019: Jair Ram\u00edrez"},"content":{"rendered":"<p>La madrugada del 29 de enero ser\u00e1 inolvidable para Anastasio Ram\u00edrez y otras tres familias cucute\u00f1as. A las 5:00 de la ma\u00f1ana, fuerzas del Estado interrumpieron el sue\u00f1o de los habitantes de los cuatro hogares para leerles los derechos a Yurgen Gabriel \u00c1lvarez, Adolfo Le\u00f3n Garc\u00eda, Jair Adolfo Ram\u00edrez y Roque Caballero Caballero. Detenidos de inmediato con fines de extradici\u00f3n.<\/p>\n<p>A partir de ese momento comenz\u00f3 el calvario para los indiciados de lavado de d\u00f3lares, haber enviado a Puerto Rico 40 toneladas de coca\u00edna, enriquecimiento il\u00edcito y otros delitos conexos. Los cuatro hombres, un pimpinero, un mec\u00e1nico, un trabajador informal y un ganadero, desde entonces pasan las horas en la c\u00e1rcel La Picota (Bogot\u00e1) a la espera de la orden para ser embarcados hacia la isla centroamericana.<\/p>\n<p>Entre tanto, en C\u00facuta los familiares tambi\u00e9n viven el viacrucis, porque est\u00e1n plenamente seguros y convencidos de que es un error y una confusi\u00f3n lo ocurido. A tres de los comprometidos en el caso, en distintas ocasiones y en diferentes lugares, se les perdieron las c\u00e9dulas de ciudadan\u00eda colombiana. Por ah\u00ed puede ser la equivocaci\u00f3n de las autoridades judiciales nacionales e internacionales.<\/p>\n<p>Anastasio Ram\u00edrez es el padre de Jair. En los \u00faltimos 18 d\u00edas ha sentido que se le han agudizado las enfermedades por la ausencia del hijo, a quien vincularon al proceso porque tiene ferreter\u00edas, salones de belleza, trituradoras y una industria de construcci\u00f3n de casas y edificios en el pa\u00eds.<\/p>\n<p>Esas acusaciones las rebate con sentimiento de padre. \u201cEs un hombre bueno, un hijo espectacular, un gran padre de familia de 44 a\u00f1os, trabajador en el campo de los c\u00e1rnicos. Tiene una procesadora de viriles de toro en sociedad con un amigo. El que los compra los env\u00eda a Jap\u00f3n para hacer juguetes para los perros\u201d.<\/p>\n<p>En procura de ayuda para la defensa de los cuatro hombres apareci\u00f3 en la Gobernaci\u00f3n. Cubre la cabeza con un sombrero y luce una camiseta con el nombre de Jair Adolfo, una fotograf\u00eda y el categ\u00f3rico \u2018inocente\u2019. \u201cEl origen del enredo es un error. A tres se les ha perdido la c\u00e9dula, de pronto es por ah\u00ed la cuesti\u00f3n\u201d.<\/p>\n<p>Desde La Picota Jair Adolfo lo llama m\u00e1s o menos d\u00eda por medio. En la conversaci\u00f3n se muestra sereno \u00a0y le trasmite ese estado de \u00e1nimo al pap\u00e1, porque sabe que est\u00e1 enfermo y tiene muchos problemas de salud. Le dice por tel\u00e9fono, `tranquilo pap\u00e1, no debo nada, si hay justicia, tengo que salir r\u00e1pido\u2019.<\/p>\n<p>Esas palabras sirven para sobrellevar la vida en el hogar, donde lo aguardan la esposa y tres hijos. Otra hija se cas\u00f3 y est\u00e1 en China. El esposo trabaja all\u00e1 y ella estudia la lengua. Otra acusaci\u00f3n que pesa sobre Jair es que recibe grandes cantidades de d\u00f3lares de ese \u00a0pa\u00eds oriental. La verdad es al rev\u00e9s, porque \u201cde vez en cuando le manda (a la hija) 50 o 100 d\u00f3lares\u201d. El plante con el que trabaja en C\u00facuta est\u00e1 conformado por $ 80 millones del pap\u00e1 y $ 70 millones que aport\u00f3\u00a0 la mam\u00e1 para conformar una peque\u00f1a sociedad en una finquita en San Faustino, dividida en tres partes iguales.<\/p>\n<p>El recuerdo que tiene Anastasio del momento de la captura es la \u00a0toma por asalto de la casa, en un operativo \u201ccomo si se tratara de un capo o de una persona peligrosa\u201d. Est\u00e1 tranquilo y tiene la seguridad de que el hijo va a salir de esto, \u201cporque no tiene nada que ver con lo que lo acusan\u201d.<\/p>\n<p>Los otros tres indiciados son un vendedor de gasolina en Atalaya, \u00a0un trabajador de Termotasajero y un rebuscador de la vida. \u201cSon mucho m\u00e1s pobres que \u00e9l. No tienen nada que ver. Es algo a lo que no le encuentro ninguna explicaci\u00f3n. Hay que esperar a ver qu\u00e9 pasa\u201d.<\/p>\n<p>Por ahora, Anastasio no tiene resentimientos de ninguna naturaleza. Cree que es una injusticia que se ha cometido con los cuatro hombres. Espera que el Gobierno los defienda y los ayude. \u201cNo tenemos con qu\u00e9 pagar la defensa\u201d. Han sentido apoyo de defensores de derechos humanos, la Procuradur\u00eda y Sintragasolina. \u201cEstamos trancando la extradici\u00f3n\u201d.<\/p>\n<p>Los ruegos de los familiares de Yurgen Gabriel \u00c1lvarez, Adolfo Le\u00f3n Garc\u00eda, Jair Adolfo Ram\u00edrez y Roque Caballero encontraron eco en el gobernador Edgar D\u00edaz, quien les solicit\u00f3 \u00a0al presidente Juan Manuel Santos, a la Corte Suprema de Justicia, a la Fiscal\u00eda y a la Oficina de Asuntos Internacionales analizar este caso.<\/p>\n<p>De acuerdo con el jefe de la administraci\u00f3n departamental \u201cson personas de cuyo humilde trabajo derivan el sustento de sus hogares, de escasos recursos econ\u00f3micos, trabajadores y que no presentan antecedentes judiciales\u201d. El Gobernador le pidi\u00f3 a Santos que antes de autorizar la extradici\u00f3n estudie los casos para no incurrir en situaciones similares a las conocidas en el pa\u00eds y que han generado perjuicios a familias humildes.<\/p>\n<p><strong>RAFAEL ANTONIO PAB\u00d3N<\/strong><\/p>\n<p><strong><a href=\"mailto:rafaelpabon58@hotmail.com\">rafaelpabon58@hotmail.com<\/a><\/strong><\/p>\n<p><strong>Foto: <a href=\"http:\/\/www.contraluzcuucta.co\">www.contraluzcuucta.co<\/a><\/strong><\/p>\n<p>&nbsp; <\/p>\n","protected":false},"excerpt":{"rendered":"<p>La madrugada del 29 de enero ser\u00e1 inolvidable para Anastasio Ram\u00edrez y otras tres familias cucute\u00f1as. A las 5:00 de la ma\u00f1ana, fuerzas del Estado interrumpieron el sue\u00f1o de los habitantes de los cuatro hogares para leerles los derechos a Yurgen Gabriel \u00c1lvarez, Adolfo Le\u00f3n Garc\u00eda, Jair Adolfo Ram\u00edrez y Roque Caballero Caballero. Detenidos de &hellip;<\/p>\n","protected":false},"author":1,"featured_media":23564,"comment_status":"open","ping_status":"open","sticky":false,"template":"","format":"standard","meta":{"footnotes":""},"categories":[11,10,36],"tags":[2068,2067,243],"class_list":["post-23563","post","type-post","status-publish","format-standard","has-post-thumbnail","hentry","category-cronica-roja","category-cronicas","category-la-voz-del-pueblo","tag-anastasio-ramirez","tag-cucutenos-extraditables","tag-gobernador-edgar-diaz"],"_links":{"self":[{"href":"https:\/\/contraluzcucuta.co\/index.php?rest_route=\/wp\/v2\/posts\/23563","targetHints":{"allow":["GET"]}}],"collection":[{"href":"https:\/\/contraluzcucuta.co\/index.php?rest_route=\/wp\/v2\/posts"}],"about":[{"href":"https:\/\/contraluzcucuta.co\/index.php?rest_route=\/wp\/v2\/types\/post"}],"author":[{"embeddable":true,"href":"https:\/\/contraluzcucuta.co\/index.php?rest_route=\/wp\/v2\/users\/1"}],"replies":[{"embeddable":true,"href":"https:\/\/contraluzcucuta.co\/index.php?rest_route=%2Fwp%2Fv2%2Fcomments&post=23563"}],"version-history":[{"count":1,"href":"https:\/\/contraluzcucuta.co\/index.php?rest_route=\/wp\/v2\/posts\/23563\/revisions"}],"predecessor-version":[{"id":23565,"href":"https:\/\/contraluzcucuta.co\/index.php?rest_route=\/wp\/v2\/posts\/23563\/revisions\/23565"}],"wp:featuredmedia":[{"embeddable":true,"href":"https:\/\/contraluzcucuta.co\/index.php?rest_route=\/wp\/v2\/media\/23564"}],"wp:attachment":[{"href":"https:\/\/contraluzcucuta.co\/index.php?rest_route=%2Fwp%2Fv2%2Fmedia&parent=23563"}],"wp:term":[{"taxonomy":"category","embeddable":true,"href":"https:\/\/contraluzcucuta.co\/index.php?rest_route=%2Fwp%2Fv2%2Fcategories&post=23563"},{"taxonomy":"post_tag","embeddable":true,"href":"https:\/\/contraluzcucuta.co\/index.php?rest_route=%2Fwp%2Fv2%2Ftags&post=23563"}],"curies":[{"name":"wp","href":"https:\/\/api.w.org\/{rel}","templated":true}]}}