{"id":23557,"date":"2015-02-13T22:36:17","date_gmt":"2015-02-14T03:36:17","guid":{"rendered":"http:\/\/contraluzcucuta.co\/?p=23557"},"modified":"2015-02-15T19:32:53","modified_gmt":"2015-02-16T00:32:53","slug":"opinion-periodismo-en-colombia-labor-gastada","status":"publish","type":"post","link":"https:\/\/contraluzcucuta.co\/?p=23557","title":{"rendered":"OPINI\u00d3N. Periodismo en Colombia, labor gastada"},"content":{"rendered":"<p>Hablar de periodismo en Colombia es retroceder en el tiempo y volver a \u00a01758. Seg\u00fan la historia, en la Gazeta de Santa Fe de Bogot\u00e1 se grabaron por primera vez en hojas de papel letras y frases que ser\u00edan el inicio de una disciplina comunicativa que acompa\u00f1a al pa\u00eds hasta nuestros d\u00edas. Sin embargo, oficialmente se reconoce el 9 de febrero de 1791, como la fecha cumbre para el inicio del periodismo y la comunicaci\u00f3n en un territorio que a\u00fan estaba bajo el dominio de la corona espa\u00f1ola, pero que gracias a unas rudimentarias hojillas esparcidas con ideolog\u00edas y doctrinas criollas, se pensaba en su emancipaci\u00f3n.<\/p>\n<p>Manuel del Socorro Rodr\u00edguez de la Victoria, cubano que lleg\u00f3 al pa\u00eds sin desearlo, porque el anhelo era llegar a Europa a enriquecer el paladar literario, se convirti\u00f3 en el propulsor del periodismo en la Nueva Granada, pues de su pu\u00f1o brotaron los primeros titulares que enmarcaron el origen del que es considerado el m\u00e1s importante paso para el nacimiento del periodismo en el pa\u00eds, el Papel Peri\u00f3dico de la Ciudad de Santaf\u00e9.<\/p>\n<p>Con el \u00e9xito de la beligerancia independentista, el periodismo fue tomando forma. En los inicios no exist\u00edan escuelas formadoras y las ideolog\u00edas y corrientes pol\u00edticas nacientes en la nueva rep\u00fablica fueron adoptando y estandarizando los principales peri\u00f3dicos que surg\u00edan, a tal punto de convertirse en un arma que permeabilizaba masas y trasformaba el uso en poder.<\/p>\n<p>Para muchos, el periodismo naci\u00f3 por una necesidad pol\u00edtica, y aunque es refutable y discutible fusionar la pol\u00edtica con el periodismo \u00a0por el impacto negativo hacia la democracia y las libertades, la realidad de los medios de comunicaci\u00f3n y algunos sectores del periodismo en Colombia deja sin argumentos la tesis inicial. Aunque este no ha sido el \u00fanico inconveniente del periodismo en el pa\u00eds.<\/p>\n<p>Uno de los golpes m\u00e1s fuertes y tr\u00e1gicos que ha recibido esta pr\u00e1ctica en Colombia, se dio con la reestructuraci\u00f3n de la Constituci\u00f3n Pol\u00edtica, en 1991. Los art\u00edculos 20 y 26 consideran a la comunicaci\u00f3n social y al periodismo una profesi\u00f3n de libre ejercicio lo que la exonera de recibir tarjeta o licencia profesional.<\/p>\n<p>Este ha sido, sin duda, el \u2018tal\u00f3n de Aquiles\u2019 de esta atropellada y maltrecha profesi\u00f3n, pues despu\u00e9s de esto cualquiera que tomara un micr\u00f3fono, una grabadora, una c\u00e1mara o cualquier medio para trasmitir, era considerado periodista y comunicador social y ten\u00eda la misma o m\u00e1s credibilidad que estudiosos y profesionales en la materia, lo cual desde\u00f1a la profesi\u00f3n en Colombia.<\/p>\n<p>Seg\u00fan la Asociaci\u00f3n de Facultades de Comunicaci\u00f3n Social (Afacom), el panorama de la comunicaci\u00f3n social y el periodismo en el pa\u00eds es cada d\u00eda m\u00e1s cr\u00edtico. Mientras en Colombia se grad\u00faan anualmente cerca de 4500 comunicadores sociales y periodistas, la demanda de trabajo y el mercado laboral es cada vez m\u00e1s cerrado y competitivo. Esto, sin contar con la polarizaci\u00f3n de la cual es v\u00edctima el periodismo, lo que lo convierte en una disciplina alienada y manipulada por las altas esferas sociales y pol\u00edticas del pa\u00eds, perdiendo as\u00ed credibilidad y libertad para trabajar profesional y \u00e9ticamente.<\/p>\n<p>Una compleja, pero necesaria soluci\u00f3n al debacle del periodismo en Colombia, ser\u00eda la de formar y guiar a los nuevos periodistas en diversas ramas y \u00e9nfasis, preferiblemente afianzados hacia el desarrollo social integral, que abran espacios de participaci\u00f3n en los que el periodismo evolucione y se convierta en arma, pero esta vez a favor del cambio social.<\/p>\n<p><strong>ELIBARDO LE\u00d3N ESTEVEZ<\/strong><\/p>\n<p><a href=\"mailto:eleones89@hotmail.com\"><strong>eleones89@hotmail.com<\/strong><\/a><\/p>\n<p><strong>\u00a0Foto:\u00a0<\/strong><a class=\"_ZR irc_hol\" style=\"font-weight: normal; color: #d6d6d6;\" href=\"https:\/\/www.google.com.co\/url?sa=i&amp;rct=j&amp;q=&amp;esrc=s&amp;source=images&amp;cd=&amp;cad=rja&amp;uact=8&amp;ved=0CAYQjB0&amp;url=http%3A%2F%2Fdiarioadn.co%2Factualidad%2Fcolombia%2Famenazan-de-muerte-a-periodistas-colombianos-1.58931&amp;ei=fsLeVMyyHcSZNrD3gNgI&amp;bvm=bv.85970519,d.eXY&amp;psig=AFQjCNFPv2aQ9FrqbBbqioT2Ivk4hYLq-A&amp;ust=1423971154682159\" data-ved=\"0CAYQjB0\" data-href=\"http:\/\/diarioadn.co\/actualidad\/colombia\/amenazan-de-muerte-a-periodistas-colombianos-1.58931\"><span class=\"irc_ho\" dir=\"ltr\" style=\"color: #d6d6d6;\">diarioadn.co<\/span><\/a> <\/p>\n","protected":false},"excerpt":{"rendered":"<p>Hablar de periodismo en Colombia es retroceder en el tiempo y volver a \u00a01758. Seg\u00fan la historia, en la Gazeta de Santa Fe de Bogot\u00e1 se grabaron por primera vez en hojas de papel letras y frases que ser\u00edan el inicio de una disciplina comunicativa que acompa\u00f1a al pa\u00eds hasta nuestros d\u00edas. Sin embargo, oficialmente &hellip;<\/p>\n","protected":false},"author":1,"featured_media":23558,"comment_status":"open","ping_status":"open","sticky":false,"template":"","format":"standard","meta":{"footnotes":""},"categories":[14,36],"tags":[572,2065],"class_list":["post-23557","post","type-post","status-publish","format-standard","has-post-thumbnail","hentry","category-articulistas","category-la-voz-del-pueblo","tag-dia-del-periodista","tag-periodismo-en-colombia"],"_links":{"self":[{"href":"https:\/\/contraluzcucuta.co\/index.php?rest_route=\/wp\/v2\/posts\/23557","targetHints":{"allow":["GET"]}}],"collection":[{"href":"https:\/\/contraluzcucuta.co\/index.php?rest_route=\/wp\/v2\/posts"}],"about":[{"href":"https:\/\/contraluzcucuta.co\/index.php?rest_route=\/wp\/v2\/types\/post"}],"author":[{"embeddable":true,"href":"https:\/\/contraluzcucuta.co\/index.php?rest_route=\/wp\/v2\/users\/1"}],"replies":[{"embeddable":true,"href":"https:\/\/contraluzcucuta.co\/index.php?rest_route=%2Fwp%2Fv2%2Fcomments&post=23557"}],"version-history":[{"count":1,"href":"https:\/\/contraluzcucuta.co\/index.php?rest_route=\/wp\/v2\/posts\/23557\/revisions"}],"predecessor-version":[{"id":23559,"href":"https:\/\/contraluzcucuta.co\/index.php?rest_route=\/wp\/v2\/posts\/23557\/revisions\/23559"}],"wp:featuredmedia":[{"embeddable":true,"href":"https:\/\/contraluzcucuta.co\/index.php?rest_route=\/wp\/v2\/media\/23558"}],"wp:attachment":[{"href":"https:\/\/contraluzcucuta.co\/index.php?rest_route=%2Fwp%2Fv2%2Fmedia&parent=23557"}],"wp:term":[{"taxonomy":"category","embeddable":true,"href":"https:\/\/contraluzcucuta.co\/index.php?rest_route=%2Fwp%2Fv2%2Fcategories&post=23557"},{"taxonomy":"post_tag","embeddable":true,"href":"https:\/\/contraluzcucuta.co\/index.php?rest_route=%2Fwp%2Fv2%2Ftags&post=23557"}],"curies":[{"name":"wp","href":"https:\/\/api.w.org\/{rel}","templated":true}]}}