{"id":23551,"date":"2015-02-13T22:18:10","date_gmt":"2015-02-14T03:18:10","guid":{"rendered":"http:\/\/contraluzcucuta.co\/?p=23551"},"modified":"2015-02-22T18:39:00","modified_gmt":"2015-02-22T23:39:00","slug":"desde-afuera-a-este-comunicador-social-le-gustaria-pasar-la-vejez-en-cucuta","status":"publish","type":"post","link":"https:\/\/contraluzcucuta.co\/?p=23551","title":{"rendered":"DESDE AFUERA. A este comunicador social le gustar\u00eda pasar la vejez en C\u00facuta"},"content":{"rendered":"<p>Jaime Humberto Y\u00e1\u00f1ez lleva 20 a\u00f1os fuera de C\u00facuta, huy\u00e9ndole a la violencia que azota al pa\u00eds. Dej\u00f3 la vida y los recuerdos que comparti\u00f3 por mucho tiempo con vecinos y amigos en la Urbanizaci\u00f3n Manolo Lemus y empac\u00f3 hacia Estados Unidos. Vive en la tranquilidad que le ofrece la bella y acogedora Pembroke Pines, a 30 minutos de Miami.<\/p>\n<p>Los cerca de 200 mil habitantes de este poblado saben muy poco o casi nada de C\u00facuta. En cambio, de Colombia cambiaron la imagen que ten\u00edan. En estos momentos, cree, la adoran.<\/p>\n<p>Al detenerse un momento en cualquier calle de esa localidad piensa que C\u00facuta podr\u00eda alcanzar ese nivel de desarrollo. Para lograrlo, lo primero que debe hacerse es educar a los ni\u00f1os. \u201cEllos son el futuro y eso no se ha dado\u201d, en la capital de Norte de Santander. Es consciente de que el proceso resulta complejo.Otro aspecto para trabajar es el cambio de actitud. Hacer que la sociedad y los medios se tomen de la mano para logarlo.<\/p>\n<p>En eso tiene un convencimiento, \u201cquiero aportar mucho en mi ciudad\u201d.\u00a0Si pudiera, y si le dieran la oportunidad, traer\u00eda para adaptar la organizaci\u00f3n, la honestidad, la seguridad y mucho m\u00e1s.<\/p>\n<p>Ha corrido con buena suerte al o\u00edr hablar de Colombia. La imagen que tienen del pa\u00eds es buena y lo admiran ahora. Cuando lleg\u00f3, en 1995, se ten\u00eda el estigma del narcotr\u00e1fico y en la relaci\u00f3n directa aparec\u00eda Pablo Escobar. \u201cAhora no. El colombiano es bien visto, por su inteligencia, por hablar bien el espa\u00f1ol y por ser emprendedor\u201d.<\/p>\n<p>All\u00e1, en medio de los gringos, extra\u00f1a a la familia y a los amigos aunque le ha ido excelente con la comida, da gracias a Dios porque tiene al alcance los platos que desea y la abundancia de productos no le da margen para la queja.<\/p>\n<p>El momento m\u00e1s dif\u00edcil durante la estad\u00eda en ese lugar lo ha tenido en la crianza de los hijos, porque al igual que en otras latitudes es diferente. Y a pesar de que se ha tropezado con varios cucute\u00f1os, con los que repasa la vida en la capital de Norte de Santander, extra\u00f1a a la familia.<\/p>\n<p>Tambi\u00e9n ha tenido tiempo para la felicidad. Esos instantes de m\u00e1xima alegr\u00eda est\u00e1n marcados por el cumplimiento de las metas propuestas y por el triunfo de los hijos y de los padres. Por eso, tal vez, no ha pensado en serio en regresar a la Urbanizaci\u00f3n Manolo Lemus. \u201cPero me gustar\u00eda pasar mi vejez en C\u00facuta\u201d.<\/p>\n<p>El calor cucute\u00f1o que envolvi\u00f3 en el equipaje lo saca cada vez que le dan oportunidad de hablar de la ciudad. Los compa\u00f1eros de trabajo son los que m\u00e1s escuchan esas historias cargadas de sabor rojinegro. La describe, para asombro de los contertulios, como una ciudad fronteriza pujante, pero desordenada. El hablar claro es una de sus caracter\u00edsticas y no maquilla la realidad.<\/p>\n<p>\u201cEl a\u00f1o pasado estuve de visita y la encontr\u00e9 patas arriba. Qu\u00e9 desorden\u2026 motos y motos y motos. Pero, en lo dem\u00e1s, es una ciudad acogedora\u201d. Por esto, quiz\u00e1s, \u00a0cree que pasar\u00e1 otro tiempo en Estados Unidos. Y al regresar, le gustar\u00eda ver a C\u00facuta como una ciudad segura, tranquila, acogedora, progresista y sin corrupci\u00f3n en el Gobierno.<\/p>\n<p>El comparativo entre los gobernantes de all\u00e1 y los de ac\u00e1 es inevitable. \u201cSi eres gobernante y te metes por donde no debes y terminas haciendo chanchullos, vas a la c\u00e1rcel. No importa si eres concejal, alcalde, senador, congresista, terminas mal. En Colombia no pasa eso\u201d.<\/p>\n<p>Por su trabajo como periodista se mantiene informado de lo que ocurre en C\u00facuta. A diario, ingresa a la Internet y lee los principales diarios del pa\u00eds, y el peri\u00f3dico local. De los hechos que le gusta estar enterado son de los que dan cuenta de los castigos a los pol\u00edticos corruptos.<\/p>\n<p>La camiseta del C\u00facuta Deportivo que un d\u00eda le regal\u00f3 Giovanny Garc\u00eda, \u2018La Chaza\u2019, sobrino de la esposa, es el distintivo rojinegro con el que se \u00a0identifica en tierras gringas.\u00a0 No ha sentido mayor emoci\u00f3n al pensar en C\u00facuta. \u201cSinceramente, de pronto porque el C\u00facuta Deportivo volvi\u00f3 a la Primera A\u201d.<\/p>\n<p>Cuando escucha alguna canci\u00f3n colombiana siente algo de nostalgia, por lo que \u00a0en los tiempos libres lee, hace ejercicios, juega f\u00fatbol y saca a pasear a Rocky, la mascota. De los familiares cucute\u00f1os no est\u00e1 tan desconectado, porque regularmente mantiene comunicaci\u00f3n.<\/p>\n<p><strong>RAFAEL ANTONIO PAB\u00d3N<\/strong><\/p>\n<p><a href=\"mailto:rafaelpabon58@hotmail.com\"><strong>rafaelpabon58@hotmail.com<\/strong><\/a><\/p>\n<p><strong>Foto: \u00c1LBUM PERSONAL<\/strong><\/p>\n<p>&nbsp;<\/p>\n<p>&nbsp;<\/p>\n<p>&nbsp; <\/p>\n","protected":false},"excerpt":{"rendered":"<p>Jaime Humberto Y\u00e1\u00f1ez lleva 20 a\u00f1os fuera de C\u00facuta, huy\u00e9ndole a la violencia que azota al pa\u00eds. Dej\u00f3 la vida y los recuerdos que comparti\u00f3 por mucho tiempo con vecinos y amigos en la Urbanizaci\u00f3n Manolo Lemus y empac\u00f3 hacia Estados Unidos. Vive en la tranquilidad que le ofrece la bella y acogedora Pembroke Pines, &hellip;<\/p>\n","protected":false},"author":1,"featured_media":23552,"comment_status":"open","ping_status":"open","sticky":false,"template":"","format":"standard","meta":{"footnotes":""},"categories":[45,168],"tags":[2062,2036],"class_list":["post-23551","post","type-post","status-publish","format-standard","has-post-thumbnail","hentry","category-destacado","category-los-que-estan-afuera","tag-jaime-yanez","tag-los-de-afuera"],"_links":{"self":[{"href":"https:\/\/contraluzcucuta.co\/index.php?rest_route=\/wp\/v2\/posts\/23551","targetHints":{"allow":["GET"]}}],"collection":[{"href":"https:\/\/contraluzcucuta.co\/index.php?rest_route=\/wp\/v2\/posts"}],"about":[{"href":"https:\/\/contraluzcucuta.co\/index.php?rest_route=\/wp\/v2\/types\/post"}],"author":[{"embeddable":true,"href":"https:\/\/contraluzcucuta.co\/index.php?rest_route=\/wp\/v2\/users\/1"}],"replies":[{"embeddable":true,"href":"https:\/\/contraluzcucuta.co\/index.php?rest_route=%2Fwp%2Fv2%2Fcomments&post=23551"}],"version-history":[{"count":1,"href":"https:\/\/contraluzcucuta.co\/index.php?rest_route=\/wp\/v2\/posts\/23551\/revisions"}],"predecessor-version":[{"id":23553,"href":"https:\/\/contraluzcucuta.co\/index.php?rest_route=\/wp\/v2\/posts\/23551\/revisions\/23553"}],"wp:featuredmedia":[{"embeddable":true,"href":"https:\/\/contraluzcucuta.co\/index.php?rest_route=\/wp\/v2\/media\/23552"}],"wp:attachment":[{"href":"https:\/\/contraluzcucuta.co\/index.php?rest_route=%2Fwp%2Fv2%2Fmedia&parent=23551"}],"wp:term":[{"taxonomy":"category","embeddable":true,"href":"https:\/\/contraluzcucuta.co\/index.php?rest_route=%2Fwp%2Fv2%2Fcategories&post=23551"},{"taxonomy":"post_tag","embeddable":true,"href":"https:\/\/contraluzcucuta.co\/index.php?rest_route=%2Fwp%2Fv2%2Ftags&post=23551"}],"curies":[{"name":"wp","href":"https:\/\/api.w.org\/{rel}","templated":true}]}}