{"id":23548,"date":"2015-02-13T22:10:01","date_gmt":"2015-02-14T03:10:01","guid":{"rendered":"http:\/\/contraluzcucuta.co\/?p=23548"},"modified":"2015-02-15T17:47:35","modified_gmt":"2015-02-15T22:47:35","slug":"mensaje-de-monsenor-la-violencia-contra-los-ninos-es-algo-demoniaco","status":"publish","type":"post","link":"https:\/\/contraluzcucuta.co\/?p=23548","title":{"rendered":"MENSAJE DE MONSE\u00d1OR: \u201cLa violencia contra los ni\u00f1os es algo demon\u00edaco\u201d"},"content":{"rendered":"<p><strong>C\u00daCUTA.-<\/strong> El obispo de C\u00facuta, monse\u00f1or Julio C\u00e9sar Vidal Ortiz rechaz\u00f3 los actos de violencia contra los ni\u00f1os y los calific\u00f3 como \u201cdemoniacos y perversos (\u2026) producto de una sociedad enferma\u201d. El prelado de declar\u00f3 triste y preocupados por los hechos en los que aparecen como protagonistas los peque\u00f1os.<\/p>\n<p>\u201cSabemos que llevamos una guerra que no perdona a nadie, pero ahora, ha tomado una connotaci\u00f3n muy especial, se ha volcado sobre los ni\u00f1os\u201d. \u00a0Normalmente, el ni\u00f1o inspira un sentimiento de delicadeza y de inocencia, todo acto en su contra indica que la sociedad, cada d\u00eda, se enferma m\u00e1s moralmente y pierde los principios.<\/p>\n<p>Se\u00f1al\u00f3 como reflejo de la descomposici\u00f3n social las tendencias modernistas marcadas por la relativizaci\u00f3n. \u201cAqu\u00ed, creo que todos tenemos culpa, y especialmente aquellos que bajo el lema de modernizaci\u00f3n aprueban leyes que van contra la vida\u201d. Cit\u00f3 como ejemplo la promoci\u00f3n de la norma a favor del aborto.<\/p>\n<p>Reconoci\u00f3 que son dos circunstancias distintas (en relaci\u00f3n a otras formas de violencia), pero que tienen como trasfondo el irrespeto a la vida. Record\u00f3 la frase: \u2018lo \u00fanico que necesita el mal para triunfar es que nadie haga algo para impedirlo\u2019.<\/p>\n<p>\u201cDebemos todos alzar la voz, la Iglesia, el Gobierno, las instituciones del Estado y no gubernamentales para condenar estos hechos. No nos podemos quedar solo oyendo las nefastas noticias de una violencia creciente sobre nuestros ni\u00f1os\u201d, indic\u00f3 el obispo Vidal Ortiz.<\/p>\n<p>En relaci\u00f3n con una de las pr\u00e1cticas m\u00e1s crueles en el conflicto armado que vive Colombia, hace m\u00e1s de medio siglo, el reclutamiento de menores por parte de grupos al margen de la ley, y el reciente anuncio de las Farc de restringir el reclutamiento de menores, monse\u00f1or Julio C\u00e9sar Vidal se mostr\u00f3 alegre.<\/p>\n<p>\u201cLa definici\u00f3n de las Farc de no reclutar menores de edad nos indica que reconocen que sus filas han sido siempre alimentadas por menores de edad, pero ahora, aunque no sea la edad normal de 18 a\u00f1os, dir\u00eda que es un avance. Tambi\u00e9n, hago eco de lo que muchos colombianos han dicho: es necesario liberar, soltar a los menores que tienen en las filas. Invitamos a todos los grupos alzados en armas, de izquierda y derecha, para que excluyan a los menores de edad de este conflicto y as\u00ed podamos tener una<\/p>\n<p>Colombia nueva, desintoxicada. Una Colombia en la que se pueda respirar otros aires, otros ambientes y no este ambiente de muerte e irrespeto al ser humano\u201d.<\/p>\n<p>Monse\u00f1or Vidal Ortiz invit\u00f3 a creyentes, cat\u00f3licos y no cat\u00f3licos, \u201ca que elevemos una permanente oraci\u00f3n a Dios para que se apiade de nosotros, no tenga en cuenta nuestros pecados y nos permita encontrar el camino de la paz y el respeto a los ni\u00f1os\u201d.<\/p>\n<p>&nbsp; <\/p>\n","protected":false},"excerpt":{"rendered":"<p>C\u00daCUTA.- El obispo de C\u00facuta, monse\u00f1or Julio C\u00e9sar Vidal Ortiz rechaz\u00f3 los actos de violencia contra los ni\u00f1os y los calific\u00f3 como \u201cdemoniacos y perversos (\u2026) producto de una sociedad enferma\u201d. El prelado de declar\u00f3 triste y preocupados por los hechos en los que aparecen como protagonistas los peque\u00f1os. \u201cSabemos que llevamos una guerra que &hellip;<\/p>\n","protected":false},"author":1,"featured_media":23549,"comment_status":"open","ping_status":"open","sticky":false,"template":"","format":"standard","meta":{"footnotes":""},"categories":[541,36,9],"tags":[1897],"class_list":["post-23548","post","type-post","status-publish","format-standard","has-post-thumbnail","hentry","category-ciudad","category-la-voz-del-pueblo","category-politica","tag-diocesis-de-cucuta-monsenor-julio-cesar-vidal-ortiz"],"_links":{"self":[{"href":"https:\/\/contraluzcucuta.co\/index.php?rest_route=\/wp\/v2\/posts\/23548","targetHints":{"allow":["GET"]}}],"collection":[{"href":"https:\/\/contraluzcucuta.co\/index.php?rest_route=\/wp\/v2\/posts"}],"about":[{"href":"https:\/\/contraluzcucuta.co\/index.php?rest_route=\/wp\/v2\/types\/post"}],"author":[{"embeddable":true,"href":"https:\/\/contraluzcucuta.co\/index.php?rest_route=\/wp\/v2\/users\/1"}],"replies":[{"embeddable":true,"href":"https:\/\/contraluzcucuta.co\/index.php?rest_route=%2Fwp%2Fv2%2Fcomments&post=23548"}],"version-history":[{"count":1,"href":"https:\/\/contraluzcucuta.co\/index.php?rest_route=\/wp\/v2\/posts\/23548\/revisions"}],"predecessor-version":[{"id":23550,"href":"https:\/\/contraluzcucuta.co\/index.php?rest_route=\/wp\/v2\/posts\/23548\/revisions\/23550"}],"wp:featuredmedia":[{"embeddable":true,"href":"https:\/\/contraluzcucuta.co\/index.php?rest_route=\/wp\/v2\/media\/23549"}],"wp:attachment":[{"href":"https:\/\/contraluzcucuta.co\/index.php?rest_route=%2Fwp%2Fv2%2Fmedia&parent=23548"}],"wp:term":[{"taxonomy":"category","embeddable":true,"href":"https:\/\/contraluzcucuta.co\/index.php?rest_route=%2Fwp%2Fv2%2Fcategories&post=23548"},{"taxonomy":"post_tag","embeddable":true,"href":"https:\/\/contraluzcucuta.co\/index.php?rest_route=%2Fwp%2Fv2%2Ftags&post=23548"}],"curies":[{"name":"wp","href":"https:\/\/api.w.org\/{rel}","templated":true}]}}