{"id":23542,"date":"2015-02-11T21:34:13","date_gmt":"2015-02-12T02:34:13","guid":{"rendered":"http:\/\/contraluzcucuta.co\/?p=23542"},"modified":"2015-02-13T22:41:13","modified_gmt":"2015-02-14T03:41:13","slug":"elecciones-2015-autoridades-regionales-garantizan-proceso-electoral","status":"publish","type":"post","link":"https:\/\/contraluzcucuta.co\/?p=23542","title":{"rendered":"ELECCIONES &#8211; 2015. Autoridades regionales garantizan proceso electoral"},"content":{"rendered":"<p><strong>C\u00daCUTA.-<\/strong> Autoridades civiles y policiales de la regi\u00f3n se reunieron para adelantar \u00a0un an\u00e1lisis preliminar sobre los preparativos para las elecciones del 25 de octubre. El objetivo es garantizar la seguridad y la trasparencia en los comicios en Norte de Santander. Los nortesantandereanos escoger\u00e1n ese d\u00eda gobernador, diputados, alcaldes, concejales y ediles.<\/p>\n<p>En la cita participaron miembros de la Regi\u00f3n de Polic\u00eda 5, Polic\u00eda Metropolitana de C\u00facuta (Mecuc), Departamento de Polic\u00eda Norte de Santander, Registradur\u00eda Nacional del Estado Civil y Fiscal\u00eda General de la Naci\u00f3n. En el Comando de Polic\u00eda San Mateo se llev\u00f3 a cabo el Comit\u00e9 Local Electoral.<\/p>\n<p>Las garant\u00edas ciudadanas, la seguridad a la poblaci\u00f3n civil y la trasparencia electoral son los puntos claves que se tendr\u00e1n en cuenta para la jornada electoral. Desde ahora se adelantan el proceso de articulaci\u00f3n entre las autoridades regionales para hacer las verificaciones del nivel de riesgo electoral y nivel de riesgo de orden p\u00fablico.<\/p>\n<p>Se trabaja interinstitucionalmente para que el antes, durante y el despu\u00e9s de las elecciones sea un \u00e9xito, tanto en la lucha contra los delitos electorales como en la planeaci\u00f3n adecuada y las contingencias que puedan ocurrir.<\/p>\n<p>Los comicios, por ser regionales, \u00a0representan mayor riesgo. En C\u00facuta se inici\u00f3 la articulaci\u00f3n interinstitucional para afrontar cualquier eventualidad.<\/p>\n<p>En el primer encuentro se socializaron los conceptos preliminares que se tienen por parte de la Polic\u00eda, la Fiscal\u00eda, la Registradur\u00eda Departamental, las Fuerzas Militares, las secretar\u00edas de gobierno de los municipios y las dem\u00e1s autoridades civiles.<\/p>\n<p>Algunas fechas para tener en cuenta del calendario electoral son las siguientes:<\/p>\n<p>1.- El 25 de junio, cuatro meses antes de los comicios, iniciar\u00e1 el periodo de inscripci\u00f3n de candidatos y se extender\u00e1 hasta el 25 de julio.<\/p>\n<p>2.- El 25 de agosto, finalizar\u00e1 la inscripci\u00f3n de c\u00e9dulas.<\/p>\n<p>3.- El 25 de octubre, los colombianos elegir\u00e1n gobernadores, alcaldes, diputados, concejales y miembros de las juntas administradoras locales.<\/p>\n<p>4.- Un mes antes a la fecha del cierre de la inscripci\u00f3n de candidatos, vencer\u00e1 el plazo para el registro de comit\u00e9s de grupos significativos de ciudadanos, e inicia el proceso de inscripci\u00f3n de candidatos por aval en el pa\u00eds.<\/p>\n<p>5.- El 31 de julio, cinco d\u00edas h\u00e1biles despu\u00e9s del cierre de inscripciones, vencer\u00e1 el plazo para las modificaciones de aspirantes y listas.<\/p>\n<p>6.- El 26 de julio, se solicitar\u00e1n las listas de los posibles jurados de votaci\u00f3n a las entidades p\u00fablicas y privadas, universidades y establecimientos educativos.<\/p>\n<p>7.- El 9 de octubre, se designar\u00e1n y publicar\u00e1n las listas de los jurados que prestar\u00e1n su servicio durante las Elecciones de Autoridades Locales, en el pa\u00eds.<\/p>\n<p>8.- El 25 de octubre, una vez cerradas las urnas, iniciar\u00e1 el escrutinio distrital, municipal y auxiliar.<\/p>\n<p>9.- El 27 de octubre, comenzar\u00e1 el escrutinio departamental.<\/p>\n<p>Foto:\u00a0<a class=\"_ZR irc_hol\" style=\"color: #7d7d7d;\" href=\"https:\/\/www.google.com.co\/url?sa=i&amp;rct=j&amp;q=&amp;esrc=s&amp;source=images&amp;cd=&amp;cad=rja&amp;uact=8&amp;ved=0CAYQjB0&amp;url=http%3A%2F%2Fwww.elespectador.com%2Fnoticias%2Fnacional%2Farranco-periodo-de-inscripcion-de-cedulas-elecciones-de-articulo-409412&amp;ei=sxDcVPsVx6eDBO3dgHg&amp;bvm=bv.85761416,d.eXY&amp;psig=AFQjCNEbWJpC39-vNsF75rNV866J6htspw&amp;ust=1423794656151241\" data-ved=\"0CAYQjB0\" data-href=\"http:\/\/www.elespectador.com\/noticias\/nacional\/arranco-periodo-de-inscripcion-de-cedulas-elecciones-de-articulo-409412\"><span class=\"irc_ho\" dir=\"ltr\" style=\"color: #7d7d7d;\">www.elespectador.com<\/span><\/a> <\/p>\n","protected":false},"excerpt":{"rendered":"<p>C\u00daCUTA.- Autoridades civiles y policiales de la regi\u00f3n se reunieron para adelantar \u00a0un an\u00e1lisis preliminar sobre los preparativos para las elecciones del 25 de octubre. El objetivo es garantizar la seguridad y la trasparencia en los comicios en Norte de Santander. Los nortesantandereanos escoger\u00e1n ese d\u00eda gobernador, diputados, alcaldes, concejales y ediles. En la cita &hellip;<\/p>\n","protected":false},"author":1,"featured_media":23543,"comment_status":"open","ping_status":"open","sticky":false,"template":"","format":"standard","meta":{"footnotes":""},"categories":[9,32],"tags":[2059,2058,2060],"class_list":["post-23542","post","type-post","status-publish","format-standard","has-post-thumbnail","hentry","category-politica","category-recorrido-por-la-region","tag-comite-local-electoral","tag-elecciones-2015","tag-registraduria-del-estado-civil"],"_links":{"self":[{"href":"https:\/\/contraluzcucuta.co\/index.php?rest_route=\/wp\/v2\/posts\/23542","targetHints":{"allow":["GET"]}}],"collection":[{"href":"https:\/\/contraluzcucuta.co\/index.php?rest_route=\/wp\/v2\/posts"}],"about":[{"href":"https:\/\/contraluzcucuta.co\/index.php?rest_route=\/wp\/v2\/types\/post"}],"author":[{"embeddable":true,"href":"https:\/\/contraluzcucuta.co\/index.php?rest_route=\/wp\/v2\/users\/1"}],"replies":[{"embeddable":true,"href":"https:\/\/contraluzcucuta.co\/index.php?rest_route=%2Fwp%2Fv2%2Fcomments&post=23542"}],"version-history":[{"count":1,"href":"https:\/\/contraluzcucuta.co\/index.php?rest_route=\/wp\/v2\/posts\/23542\/revisions"}],"predecessor-version":[{"id":23544,"href":"https:\/\/contraluzcucuta.co\/index.php?rest_route=\/wp\/v2\/posts\/23542\/revisions\/23544"}],"wp:featuredmedia":[{"embeddable":true,"href":"https:\/\/contraluzcucuta.co\/index.php?rest_route=\/wp\/v2\/media\/23543"}],"wp:attachment":[{"href":"https:\/\/contraluzcucuta.co\/index.php?rest_route=%2Fwp%2Fv2%2Fmedia&parent=23542"}],"wp:term":[{"taxonomy":"category","embeddable":true,"href":"https:\/\/contraluzcucuta.co\/index.php?rest_route=%2Fwp%2Fv2%2Fcategories&post=23542"},{"taxonomy":"post_tag","embeddable":true,"href":"https:\/\/contraluzcucuta.co\/index.php?rest_route=%2Fwp%2Fv2%2Ftags&post=23542"}],"curies":[{"name":"wp","href":"https:\/\/api.w.org\/{rel}","templated":true}]}}