{"id":23539,"date":"2015-02-11T21:02:01","date_gmt":"2015-02-12T02:02:01","guid":{"rendered":"http:\/\/contraluzcucuta.co\/?p=23539"},"modified":"2015-02-13T22:30:53","modified_gmt":"2015-02-14T03:30:53","slug":"puente-benito-hernandez-despues-de-75-anos-le-paran-bolas","status":"publish","type":"post","link":"https:\/\/contraluzcucuta.co\/?p=23539","title":{"rendered":"PUENTE \u2018BENITO HERN\u00c1NDEZ\u2019. Despu\u00e9s de 75 a\u00f1os le \u2018paran bolas"},"content":{"rendered":"<p><strong>C\u00daCUTA.-<\/strong> El hist\u00f3rico puente de San Rafael cuya construcci\u00f3n data de 1861, ser\u00e1 intervenido para mejorar el acceso a la capital de Norte de Santander. Los estudios y los dise\u00f1os \u00a0se entregar\u00e1n en tres meses. El alcalde Donamaris Ram\u00edrez se reuni\u00f3 con funcionarios de la Agencia Nacional de Infraestructura (ANI) y del Instituto Nacional de V\u00edas (Inv\u00edas) para analizar la obra.<\/p>\n<p>La inversi\u00f3n ascender\u00e1 a $ 32.000 millones, \u00a0canalizados por medio del Inv\u00edas y la ANI. Los recursos que queden de la obra se destinar\u00e1n a los trabajos de ampliaci\u00f3n de la Diagonal Santander. El \u00a0proyecto es el primero que se cristaliza, luego del Consejo de Ministros, del 6 de febrero, encabezado por el presidente Juan Manuel Santos.<\/p>\n<p>La ampliaci\u00f3n del paso sobre el r\u00edo Pamplonita facilitar\u00e1 la movilidad de ingreso a la capital del departamento y reordenar\u00e1 el tr\u00e1nsito en el sector de la glorieta del DAS. El puente \u2018Benito Hern\u00e1ndez\u2019 fue destruido por una creciente, en octubre de 1869. Fue reconstruido, en 1870, mediante\u00a0 privilegio concedido a Vicente Frontero, por la Gobernaci\u00f3n de Santander, a la que pertenec\u00eda C\u00facuta.<\/p>\n<p>En el gobierno del presidente Eduardo Santos Montejo, tras una visita a la ciudad, en 1940 se decidi\u00f3 cambiarle el nombre y por iniciativa del mandatario se bautiz\u00f3 \u2018Benito Hern\u00e1ndez Bustos\u2019, ilustre nortesantandereano, fallecido el 27 de febrero de ese a\u00f1o. Despu\u00e9s de 75 a\u00f1os, en el gobierno del sobrino nieto, Juan Manuel Santos, \u00a0se confirman recursos para facilitar las adecuaciones a la primera entrada que tuvo la ciudad, a finales del siglo XIX y comienzos del XX.<\/p>\n<p>Los trabajos corresponden a la construcci\u00f3n de un puente paralelo y es una obligaci\u00f3n en el contrato de la concesionaria San Sim\u00f3n, m\u00e1s la soluci\u00f3n integral en la glorieta del DAS. San Sim\u00f3n, no solo hace el dise\u00f1o del puente, sino toda la intersecci\u00f3n a un tope m\u00e1ximo de $ 32.000 millones. La ANI comprar\u00e1 los predios que se requieren para la construcci\u00f3n. Los trabajos demorar\u00e1n ocho meses.<\/p>\n<p>\u201cComo Alcalde, no inaugurar\u00e9 las obras del puente \u2018Benito Hern\u00e1ndez\u2019, pero dejar\u00e9 una obra licenciada, contratada y con todos los recursos, garantizados por la administraci\u00f3n y el presidente Juan Manuel Santos\u201d, dijo Donamaris Ram\u00edrez. El ingeniero Juan David Ratkovich Angarita ha estado pendiente de las labores previas a las ejecutorias de la obra.<\/p>\n<p>Benito Hern\u00e1ndez Bustos naci\u00f3 en Pamplona, el 8 de mayo de 1896, bachiller del Colegio Provincial, en 1913. Se gradu\u00f3 como abogado, en 1918, de la Universidad Nacional. De regreso a la tierra natal ejerci\u00f3 como juez. Posteriormente, fue miembro de la Asamblea de Norte de Santander; Representante a la C\u00e1mara (1929 \u2013 1930); Gobernador; ministro de Industria, Trabajo y Guerra en el gobierno de Alfonso L\u00f3pez Pumarejo.<\/p>\n<p>Muri\u00f3 a los 44 a\u00f1os, en un accidente a\u00e9reo ocurrido en el cerro Morti\u00f1o, a 16 kil\u00f3metros de Bucaramanga, el 27 de febrero de 1940.<\/p>\n<p><strong>Foto: MARCO S\u00daA<\/strong><\/p>\n<p>&nbsp; <\/p>\n","protected":false},"excerpt":{"rendered":"<p>C\u00daCUTA.- El hist\u00f3rico puente de San Rafael cuya construcci\u00f3n data de 1861, ser\u00e1 intervenido para mejorar el acceso a la capital de Norte de Santander. Los estudios y los dise\u00f1os \u00a0se entregar\u00e1n en tres meses. El alcalde Donamaris Ram\u00edrez se reuni\u00f3 con funcionarios de la Agencia Nacional de Infraestructura (ANI) y del Instituto Nacional de &hellip;<\/p>\n","protected":false},"author":1,"featured_media":23540,"comment_status":"open","ping_status":"open","sticky":false,"template":"","format":"standard","meta":{"footnotes":""},"categories":[541,6],"tags":[2056,2057],"class_list":["post-23539","post","type-post","status-publish","format-standard","has-post-thumbnail","hentry","category-ciudad","category-ojo-avizor","tag-puente-benito-hernandez","tag-puente-san-rafael"],"_links":{"self":[{"href":"https:\/\/contraluzcucuta.co\/index.php?rest_route=\/wp\/v2\/posts\/23539","targetHints":{"allow":["GET"]}}],"collection":[{"href":"https:\/\/contraluzcucuta.co\/index.php?rest_route=\/wp\/v2\/posts"}],"about":[{"href":"https:\/\/contraluzcucuta.co\/index.php?rest_route=\/wp\/v2\/types\/post"}],"author":[{"embeddable":true,"href":"https:\/\/contraluzcucuta.co\/index.php?rest_route=\/wp\/v2\/users\/1"}],"replies":[{"embeddable":true,"href":"https:\/\/contraluzcucuta.co\/index.php?rest_route=%2Fwp%2Fv2%2Fcomments&post=23539"}],"version-history":[{"count":1,"href":"https:\/\/contraluzcucuta.co\/index.php?rest_route=\/wp\/v2\/posts\/23539\/revisions"}],"predecessor-version":[{"id":23541,"href":"https:\/\/contraluzcucuta.co\/index.php?rest_route=\/wp\/v2\/posts\/23539\/revisions\/23541"}],"wp:featuredmedia":[{"embeddable":true,"href":"https:\/\/contraluzcucuta.co\/index.php?rest_route=\/wp\/v2\/media\/23540"}],"wp:attachment":[{"href":"https:\/\/contraluzcucuta.co\/index.php?rest_route=%2Fwp%2Fv2%2Fmedia&parent=23539"}],"wp:term":[{"taxonomy":"category","embeddable":true,"href":"https:\/\/contraluzcucuta.co\/index.php?rest_route=%2Fwp%2Fv2%2Fcategories&post=23539"},{"taxonomy":"post_tag","embeddable":true,"href":"https:\/\/contraluzcucuta.co\/index.php?rest_route=%2Fwp%2Fv2%2Ftags&post=23539"}],"curies":[{"name":"wp","href":"https:\/\/api.w.org\/{rel}","templated":true}]}}