{"id":23476,"date":"2015-02-03T21:49:46","date_gmt":"2015-02-04T02:49:46","guid":{"rendered":"http:\/\/contraluzcucuta.co\/?p=23476"},"modified":"2015-02-04T21:35:03","modified_gmt":"2015-02-05T02:35:03","slug":"norte-de-santander-bucarasica-y-cornejo-tendran-estacion-de-policia","status":"publish","type":"post","link":"https:\/\/contraluzcucuta.co\/?p=23476","title":{"rendered":"NORTE DE SANTANDER. Bucarasica y Cornejo tendr\u00e1n estaci\u00f3n de Polic\u00eda"},"content":{"rendered":"<p>Una estaci\u00f3n de Polic\u00eda en Bucarasica y otra\u00a0 en San Cayetano, municipios de Norte de Santander,\u00a0 ser\u00e1n entregadas este jueves por el ministro del\u00a0 Interior, Juan Fernando Cristo. El viernes, firmar\u00e1 un convenio en Los Patios para la construcci\u00f3n de la etapa final del Centro Administrativo Municipal.<\/p>\n<p>Dentro del contexto de la estrategia nacional \u2018El Presidente en las Regiones\u2019, el ministro Cristo entregar\u00e1 las estaciones a municipios que no contaban con esas estructuras. Los uniformados deb\u00edan vivir en arriendo en lugares diferentes. La situaci\u00f3n obstaculizaba la prestaci\u00f3n del servicio de vigilancia por parte de la fuerza p\u00fablica.<\/p>\n<p>La primera entrega ser\u00e1 el jueves, a las 9:00 de la ma\u00f1ana, en Bucarasica. La estaci\u00f3n tuvo\u00a0 una inversi\u00f3n de $ 1304 millones. El ministerio aport\u00f3 $ 1109 millones y el valor restante el\u00a0 municipio.<\/p>\n<p>A las 6:00 de la tarde, estar\u00e1 en el corregimiento Cornejo (San Cayetano) donde dar\u00e1 al servicio la estaci\u00f3n que tuvo una inversi\u00f3n de $ 811 millones. El Ministerio aport\u00f3 $ 656 millones y el municipio $ 155 millones.<\/p>\n<p>El viernes, a las 8:00 de la ma\u00f1ana, el ministro Cristo firmar\u00e1 el convenio en Los Patios para la construcci\u00f3n de la etapa final del Centro Administrativo Municipal.<\/p>\n<p>A las 11:00 de la ma\u00f1ana, estar\u00e1 con el presidente Juan Manuel Santos en el Consejo de Ministros, en C\u00facuta. La iniciativa busca fortalecer la presencia del Ejecutivo en el pa\u00eds mediante la entrega de resultados y el apoyo a las comunidades en la soluci\u00f3n de los problemas.<\/p>\n<p><strong>Foto: <a href=\"http:\/\/www.panoramio.com\">www.panoramio.com<\/a><\/strong><\/p>\n<p>&nbsp; <\/p>\n","protected":false},"excerpt":{"rendered":"<p>Una estaci\u00f3n de Polic\u00eda en Bucarasica y otra\u00a0 en San Cayetano, municipios de Norte de Santander,\u00a0 ser\u00e1n entregadas este jueves por el ministro del\u00a0 Interior, Juan Fernando Cristo. El viernes, firmar\u00e1 un convenio en Los Patios para la construcci\u00f3n de la etapa final del Centro Administrativo Municipal. Dentro del contexto de la estrategia nacional \u2018El &hellip;<\/p>\n","protected":false},"author":1,"featured_media":23477,"comment_status":"open","ping_status":"open","sticky":false,"template":"","format":"standard","meta":{"footnotes":""},"categories":[556,32],"tags":[570,2034,783,1697,1308],"class_list":["post-23476","post","type-post","status-publish","format-standard","has-post-thumbnail","hentry","category-departamento","category-recorrido-por-la-region","tag-bucarasica","tag-cornejo","tag-juan-fernando-cristo","tag-ministro-del-interior","tag-san-cayetano"],"_links":{"self":[{"href":"https:\/\/contraluzcucuta.co\/index.php?rest_route=\/wp\/v2\/posts\/23476","targetHints":{"allow":["GET"]}}],"collection":[{"href":"https:\/\/contraluzcucuta.co\/index.php?rest_route=\/wp\/v2\/posts"}],"about":[{"href":"https:\/\/contraluzcucuta.co\/index.php?rest_route=\/wp\/v2\/types\/post"}],"author":[{"embeddable":true,"href":"https:\/\/contraluzcucuta.co\/index.php?rest_route=\/wp\/v2\/users\/1"}],"replies":[{"embeddable":true,"href":"https:\/\/contraluzcucuta.co\/index.php?rest_route=%2Fwp%2Fv2%2Fcomments&post=23476"}],"version-history":[{"count":2,"href":"https:\/\/contraluzcucuta.co\/index.php?rest_route=\/wp\/v2\/posts\/23476\/revisions"}],"predecessor-version":[{"id":23479,"href":"https:\/\/contraluzcucuta.co\/index.php?rest_route=\/wp\/v2\/posts\/23476\/revisions\/23479"}],"wp:featuredmedia":[{"embeddable":true,"href":"https:\/\/contraluzcucuta.co\/index.php?rest_route=\/wp\/v2\/media\/23477"}],"wp:attachment":[{"href":"https:\/\/contraluzcucuta.co\/index.php?rest_route=%2Fwp%2Fv2%2Fmedia&parent=23476"}],"wp:term":[{"taxonomy":"category","embeddable":true,"href":"https:\/\/contraluzcucuta.co\/index.php?rest_route=%2Fwp%2Fv2%2Fcategories&post=23476"},{"taxonomy":"post_tag","embeddable":true,"href":"https:\/\/contraluzcucuta.co\/index.php?rest_route=%2Fwp%2Fv2%2Ftags&post=23476"}],"curies":[{"name":"wp","href":"https:\/\/api.w.org\/{rel}","templated":true}]}}