{"id":23453,"date":"2015-02-02T20:19:38","date_gmt":"2015-02-03T01:19:38","guid":{"rendered":"http:\/\/contraluzcucuta.co\/?p=23453"},"modified":"2015-02-03T19:11:56","modified_gmt":"2015-02-04T00:11:56","slug":"acueducto-metropolitano-asamblea-analizara-esquema-de-empresa-administradora","status":"publish","type":"post","link":"https:\/\/contraluzcucuta.co\/?p=23453","title":{"rendered":"ACUEDUCTO METROPOLITANO. Asamblea analizar\u00e1 esquema de empresa administradora"},"content":{"rendered":"<p><strong>C\u00daCUTA.-<\/strong> Diez d\u00edas tendr\u00e1n los diputados de Norte de Santander para darle v\u00eda libre a la Empresa Metropolitana de Servicios P\u00fablicos Domiciliarios que se encargar\u00e1 de\u00a0 administrar del Acueducto Metropolitano. Los miembros de la Asamblea fueron citados a sesiones extras hasta el \u00a010 de febrero. En ese tiempo deben estudiar dos proyectos de ordenanza.<\/p>\n<p>Las iniciativas que dar\u00e1n \u00a0facultades al gobernador \u00a0Edgar D\u00edaz son las siguientes:<\/p>\n<p>1.- Para crear la Empresa Metropolitana de Servicios P\u00fablicos Domiciliarios.<\/p>\n<p>2.- Para ceder en comodato algunos bienes e inmuebles.<\/p>\n<p>En el convenio firmado entre Ecopetrol, el Ministerio de Vivienda, Ciudad y Territorio, la Gobernaci\u00f3n y las alcald\u00edas de C\u00facuta, Los Patios y Villa del Rosario qued\u00f3 establecido que debe conformarse una entidad que garantice y se encargue del funcionamiento de la megaobra. Debe estar constituida antes de iniciar el proceso de licitaci\u00f3n.<\/p>\n<p>La entidad ser\u00e1 una sociedad an\u00f3nima, conforme a las disposiciones de la Ley 142 de 1994, de tipo p\u00fablico y regional,\u00a0 gozar\u00e1 de autonom\u00eda administrativa, patrimonial y presupuestal. Ejercer\u00e1 actividades dentro del \u00e1mbito del derecho privado como empresa mercantil.<\/p>\n<p>En mayo, Ecopetrol abrir\u00e1 la licitaci\u00f3n para la construcci\u00f3n de las obras. En octubre,\u00a0 ser\u00e1n adjudicados los trabajos, que tendr\u00e1n un t\u00e9rmino de 3 a\u00f1os.<\/p>\n<p>El proyecto es un ejemplo para el pa\u00eds, porque hay esfuerzos de las administraciones municipales y departamental, del Gobierno y de la empresa privada, dijo D\u00edaz Contreras. Garantizar\u00e1 el suministro de agua a m\u00e1s de 1,5 millones de habitantes del \u00c1rea Metropolitana de C\u00facuta.<\/p>\n<p>El segundo proyecto de ordenanza tiene que ver con la autorizaci\u00f3n para entregar en comodato\u00a0 algunos bienes e inmuebles. Destacan los escenarios construidos en C\u00facuta para los Juegos Nacionales del 2012. La solicitud se present\u00f3 en cumplimiento del Plan del Desarrollo.<\/p>\n<p>En el caso de varios complejos deportivos Coldeportes le dio potestad a la Alcald\u00eda para administrarlos,\u00a0 pero es necesario establecer algunas condiciones. Mediante esta figura quedar\u00e1n establecidas las condiciones que permitir\u00e1n que la Gobernaci\u00f3n pueda usar los escenarios, porque a la fecha, siendo los terrenos del departamento, deben pasar una solicitud para desarrollar actividades de la administraci\u00f3n regional.<\/p>\n<p>Lo \u00fanico intransferible es la Quinta Teresa, que ser\u00e1 administrada por la Secretaria de Cultura, para convertirla\u00a0 en epicentro de las expresiones culturales de la regi\u00f3n y en sede de manifestaciones art\u00edsticas.<\/p>\n<p>&nbsp;<\/p>\n<p>&nbsp; <\/p>\n","protected":false},"excerpt":{"rendered":"<p>C\u00daCUTA.- Diez d\u00edas tendr\u00e1n los diputados de Norte de Santander para darle v\u00eda libre a la Empresa Metropolitana de Servicios P\u00fablicos Domiciliarios que se encargar\u00e1 de\u00a0 administrar del Acueducto Metropolitano. Los miembros de la Asamblea fueron citados a sesiones extras hasta el \u00a010 de febrero. En ese tiempo deben estudiar dos proyectos de ordenanza. Las &hellip;<\/p>\n","protected":false},"author":1,"featured_media":23454,"comment_status":"open","ping_status":"open","sticky":false,"template":"","format":"standard","meta":{"footnotes":""},"categories":[9,32],"tags":[1358,379,243],"class_list":["post-23453","post","type-post","status-publish","format-standard","has-post-thumbnail","hentry","category-politica","category-recorrido-por-la-region","tag-acueducto-metropolitano","tag-gobernacion-de-norte-de-santander","tag-gobernador-edgar-diaz"],"_links":{"self":[{"href":"https:\/\/contraluzcucuta.co\/index.php?rest_route=\/wp\/v2\/posts\/23453","targetHints":{"allow":["GET"]}}],"collection":[{"href":"https:\/\/contraluzcucuta.co\/index.php?rest_route=\/wp\/v2\/posts"}],"about":[{"href":"https:\/\/contraluzcucuta.co\/index.php?rest_route=\/wp\/v2\/types\/post"}],"author":[{"embeddable":true,"href":"https:\/\/contraluzcucuta.co\/index.php?rest_route=\/wp\/v2\/users\/1"}],"replies":[{"embeddable":true,"href":"https:\/\/contraluzcucuta.co\/index.php?rest_route=%2Fwp%2Fv2%2Fcomments&post=23453"}],"version-history":[{"count":1,"href":"https:\/\/contraluzcucuta.co\/index.php?rest_route=\/wp\/v2\/posts\/23453\/revisions"}],"predecessor-version":[{"id":23455,"href":"https:\/\/contraluzcucuta.co\/index.php?rest_route=\/wp\/v2\/posts\/23453\/revisions\/23455"}],"wp:featuredmedia":[{"embeddable":true,"href":"https:\/\/contraluzcucuta.co\/index.php?rest_route=\/wp\/v2\/media\/23454"}],"wp:attachment":[{"href":"https:\/\/contraluzcucuta.co\/index.php?rest_route=%2Fwp%2Fv2%2Fmedia&parent=23453"}],"wp:term":[{"taxonomy":"category","embeddable":true,"href":"https:\/\/contraluzcucuta.co\/index.php?rest_route=%2Fwp%2Fv2%2Fcategories&post=23453"},{"taxonomy":"post_tag","embeddable":true,"href":"https:\/\/contraluzcucuta.co\/index.php?rest_route=%2Fwp%2Fv2%2Ftags&post=23453"}],"curies":[{"name":"wp","href":"https:\/\/api.w.org\/{rel}","templated":true}]}}