{"id":23450,"date":"2015-02-02T19:17:21","date_gmt":"2015-02-03T00:17:21","guid":{"rendered":"http:\/\/contraluzcucuta.co\/?p=23450"},"modified":"2015-02-03T18:55:20","modified_gmt":"2015-02-03T23:55:20","slug":"pico-y-placa-en-cucuta-en-febrero-socializacion-en-marzo-sancion","status":"publish","type":"post","link":"https:\/\/contraluzcucuta.co\/?p=23450","title":{"rendered":"\u2018PICO Y PLACA\u2019 EN C\u00daCUTA. En febrero, socializaci\u00f3n; en marzo, sanci\u00f3n"},"content":{"rendered":"<p><strong>C\u00daCUTA.-<\/strong> A partir del 2 de marzo comenzar\u00e1 a regir el \u2018pico y placa\u2019 en C\u00facuta. En febrero, se har\u00e1 la socializaci\u00f3n de la restricci\u00f3n de circulaci\u00f3n de veh\u00edculos en la ciudad. La medida cobijar\u00e1 a los automotores particulares y a los que prestan el servicio p\u00fablico. El anuncio lo hizo Javier Ardila, secretario de Tr\u00e1nsito Municipal.<\/p>\n<p>La posible secuencia de los n\u00fameros de placas se dar\u00e1 a conocer una vez se expida el decreto, esta semana:<\/p>\n<p><strong>1.- Particulares. <\/strong><\/p>\n<p>&#8211; Lunes: 8 y 7<\/p>\n<p>&#8211; Martes: 6 y 5<\/p>\n<p>&#8211; Mi\u00e9rcoles: 4 y 3<\/p>\n<p>&#8211; Jueves 2 y 1<\/p>\n<p>&#8211; Viernes: 0 y 9<\/p>\n<p><strong>2.- Servicio p\u00fablico (taxi).<\/strong><\/p>\n<p>&#8211; 2 de marzo, el 8<\/p>\n<p>&#8211; 3 de marzo, el 7<\/p>\n<p>&#8211; 4 de marzo, el 6<\/p>\n<p>&#8211; 5 de marzo, el 5<\/p>\n<p>&#8211; 6 de marzo, el 4.<\/p>\n<p>&#8211; 9 de marzo, el 3<\/p>\n<p>&#8211; 10 de marzo, el 2<\/p>\n<p>&#8211; 11 de marzo, el 1<\/p>\n<p>&#8211; 12 de marzo, el 0<\/p>\n<p>&#8211; 13 de marzo, el 9<\/p>\n<p>La secuencia reiniciar\u00e1 el 16 de marzo con el 8.<\/p>\n<p>En la elaboraci\u00f3n de la propuesta de \u2018pico y placa\u2019 que se implementar\u00e1 en el 2015, participaron las veedur\u00edas ciudadanas de taxistas, el sindicato, conductores y gerentes de las empresas del trasporte p\u00fablico, entre otros.<\/p>\n<p>Al entrar en firme la medida que regular\u00e1 la movilidad en el centro de la ciudad, la inobservancia acarrear\u00e1 una sanci\u00f3n de medio salario m\u00ednimo, la inmovilizaci\u00f3n del veh\u00edculo y si es reincidente la multa se elevar\u00e1, conforme lo estipula el C\u00f3digo de Tr\u00e1nsito.<\/p>\n<p>Las congestiones vehiculares en el centro se deben a la mala cultura de parqueo y a la irresponsabilidad de los conductores, dijo Javier Ardila. Explic\u00f3 que una persona procedente del barrio Claret (Ciudadela de Juan Atalaya) y va para el hospital no necesita entrar el centro, ni genera congesti\u00f3n si toma el paseo Rojo y Negro, sigue por Las Am\u00e9ricas, llega a Los Libertadores y termina en el centro asistencia.<\/p>\n<p>&nbsp; <\/p>\n","protected":false},"excerpt":{"rendered":"<p>C\u00daCUTA.- A partir del 2 de marzo comenzar\u00e1 a regir el \u2018pico y placa\u2019 en C\u00facuta. En febrero, se har\u00e1 la socializaci\u00f3n de la restricci\u00f3n de circulaci\u00f3n de veh\u00edculos en la ciudad. La medida cobijar\u00e1 a los automotores particulares y a los que prestan el servicio p\u00fablico. El anuncio lo hizo Javier Ardila, secretario de &hellip;<\/p>\n","protected":false},"author":1,"featured_media":23451,"comment_status":"open","ping_status":"open","sticky":false,"template":"","format":"standard","meta":{"footnotes":""},"categories":[541,36],"tags":[434],"class_list":["post-23450","post","type-post","status-publish","format-standard","has-post-thumbnail","hentry","category-ciudad","category-la-voz-del-pueblo","tag-pico-y-placa-en-cucuta"],"_links":{"self":[{"href":"https:\/\/contraluzcucuta.co\/index.php?rest_route=\/wp\/v2\/posts\/23450","targetHints":{"allow":["GET"]}}],"collection":[{"href":"https:\/\/contraluzcucuta.co\/index.php?rest_route=\/wp\/v2\/posts"}],"about":[{"href":"https:\/\/contraluzcucuta.co\/index.php?rest_route=\/wp\/v2\/types\/post"}],"author":[{"embeddable":true,"href":"https:\/\/contraluzcucuta.co\/index.php?rest_route=\/wp\/v2\/users\/1"}],"replies":[{"embeddable":true,"href":"https:\/\/contraluzcucuta.co\/index.php?rest_route=%2Fwp%2Fv2%2Fcomments&post=23450"}],"version-history":[{"count":1,"href":"https:\/\/contraluzcucuta.co\/index.php?rest_route=\/wp\/v2\/posts\/23450\/revisions"}],"predecessor-version":[{"id":23452,"href":"https:\/\/contraluzcucuta.co\/index.php?rest_route=\/wp\/v2\/posts\/23450\/revisions\/23452"}],"wp:featuredmedia":[{"embeddable":true,"href":"https:\/\/contraluzcucuta.co\/index.php?rest_route=\/wp\/v2\/media\/23451"}],"wp:attachment":[{"href":"https:\/\/contraluzcucuta.co\/index.php?rest_route=%2Fwp%2Fv2%2Fmedia&parent=23450"}],"wp:term":[{"taxonomy":"category","embeddable":true,"href":"https:\/\/contraluzcucuta.co\/index.php?rest_route=%2Fwp%2Fv2%2Fcategories&post=23450"},{"taxonomy":"post_tag","embeddable":true,"href":"https:\/\/contraluzcucuta.co\/index.php?rest_route=%2Fwp%2Fv2%2Ftags&post=23450"}],"curies":[{"name":"wp","href":"https:\/\/api.w.org\/{rel}","templated":true}]}}