{"id":23447,"date":"2015-02-01T23:14:55","date_gmt":"2015-02-02T04:14:55","guid":{"rendered":"http:\/\/contraluzcucuta.co\/?p=23447"},"modified":"2015-02-02T22:38:39","modified_gmt":"2015-02-03T03:38:39","slug":"futbol-de-primera-de-vuelta-a-la-a-con-golazo-de-bedoya","status":"publish","type":"post","link":"https:\/\/contraluzcucuta.co\/?p=23447","title":{"rendered":"F\u00daTBOL DE PRIMERA. De vuelta a la A con golazo de Bedoya"},"content":{"rendered":"<p><strong>C\u00daCUTA.-<\/strong> El valluno Carlos Betancur se llev\u00f3 el pito a la boca, levant\u00f3 los brazos y se\u00f1al\u00f3 el centro de la cancha. En ese momento la explosi\u00f3n de j\u00fabilo estremeci\u00f3 al General Santander y trascendi\u00f3 la frontera patria. Los 35.000 asistentes al estadio liberaron el grito de emoci\u00f3n que los ten\u00eda atragantados desde el minuto 40 en el partido de regreso a la Liga del f\u00fatbol profesional colombiano.<\/p>\n<p>Los cucute\u00f1os volvieron al estadio, del que se hab\u00edan espantado por el descenso a la segunda categor\u00eda. Anoche, el marco en las grader\u00edas fue impresionante, a reventar. Una vez m\u00e1s las im\u00e1genes de televisi\u00f3n puede mostrar a la mejor afici\u00f3n del pa\u00eds en todo su esplendor. Las olas reaparecieron, los c\u00e1nticos sonaron de nuevo y los gritos de apoyo al equipo se escucharon como en \u00e9pocas pret\u00e9ritas.<\/p>\n<p>Gerardo Bedoya, el mismo que hizo sufrir a los hinchas en casa, los puso a so\u00f1ar con los primeros tres puntos a falta de cinco minutos para concluir la primera parte. Un soberbio zapatazo silb\u00f3 por entre los defensas barranquilleros para estrellarse contra la red y decretar el primer gol oficial en la vuelta a la primera categor\u00eda.<\/p>\n<p>En los grader\u00edos de Norte y Sur, Oriente y Occidente ninguno de los hombres y mujeres qued\u00f3 sentado. Todos, disparados por el resorte que acciona la anotaci\u00f3n, se pusieron de pie para cantar, abrazar y saludar al vecino. Parec\u00eda que se hubiera alcanzado la segunda estrella, pero en realidad lo que se hab\u00eda era desbocado el sentimiento atascado desde diciembre de 2013.<\/p>\n<p>El capital rojinegro sinti\u00f3 suyo el triunfo, corri\u00f3, se tir\u00f3 al piso, recibi\u00f3 las felicitaciones de los compa\u00f1eros y por \u00faltimo envolvi\u00f3 con los brazos al t\u00e9cnico Su\u00e1rez para dedicarse esa conquista. Le quedaba un saludo y lo gast\u00f3 en la tribuna Oriental, que le respondi\u00f3 con el grito reservado para los \u00eddolos.<\/p>\n<p>Desde el comienzo de semana en la ciudad el tema obligado de cualquier conversaci\u00f3n, sin importar el escenario, era el partido inicial de la Liga. El rival, venido de la Costa Atl\u00e1ntica, es viejo conocido por las gestas en los estadios colombianos. No trajo al exmotil\u00f3n Macnelly Torres, tambi\u00e9n querido entre la fanaticada por lo conseguido en aquellas tarde y noches de las temporadas \u00a02006 y 2007.<\/p>\n<p>Llegada la hora, las colas no se hicieron esperar y para cualquiera de las localidades el ingreso se hizo tortuoso. Pensar que tres meses atr\u00e1s solo asist\u00edan aquellos a los que les queda bien la camiseta rojinegra. Hombres, mujeres y ni\u00f1os que permanecieron alejados del estadio desempacaron la prenda y se la pusieron. Algunos, todav\u00eda lucen la de tres torneos atr\u00e1s, porque no quer\u00edan saber nada del equipo.<\/p>\n<p>En el terreno de juego J\u00fanior parec\u00eda m\u00e1s, Ten\u00eda mayor control del bal\u00f3n y las individualidades se mov\u00edan con mayor soltura. El cuadro \u00f1ero mostr\u00f3 los dientes reci\u00e9n comenzado el partido y mostr\u00f3 las intenciones que tra\u00eda. Ven\u00eda por tres puntos, nada de empate ni mucho menos pensar en la derrota.<\/p>\n<p>As\u00ed trascurri\u00f3 el partido. Entre tanto, la fiesta se manten\u00eda en las tribunas, aunque faltaron las sirenas de otras jornadas, las trompetas de las barras y los tambores. Tampoco se extendieron los trapos que identifican a los grupos, ni se izaron las banderas para animar a los extranjeros. Seguro, esos elementos aparecer\u00e1n en la fecha prevista para decorar al general Santander y devolverle el colorido caracter\u00edstico.<\/p>\n<p>El C\u00facuta Deportivo gan\u00f3 y Jos\u00e9 Augusto Cadena, a lo mejor, se dio cuenta de la mina que tiene a su mando y que por poco deja estallar entre sus manos. Los 35.000 aficionados le dijeron presente al presidente, que ahora debe asumir el compromiso de reforzar al cuadro fronterizo para no ahuyentar a esta clientela \u2018noble, leal y valerosa\u2019. Este primer examen deja conclusiones claras y para tener en cuenta.<\/p>\n<p>Desde la directiva no pueden escatimarse esfuerzos para contratar el arquero que no haga sufrir a los seguidores rojinegros, el defensa central que marque diferencia, el mediocampista de contenci\u00f3n que apoye a Bedoya, el 10 que orden y organice el juego y otro delantero que le d\u00e9 la mano a Jim\u00e9nez. La inversi\u00f3n puede ser grande, pero no resultar\u00e1 perdida si los jugadores son de primera l\u00ednea.<\/p>\n<p>Si con un equipo que todav\u00eda huele a segunda divisi\u00f3n se llen\u00f3 el estadio, c\u00f3mo ser\u00e1 con un elenco que pelee los primeros puestos. La respuesta la tienen en las oficinas del club y deben darse en el corto plazo, porque el campeonato no se detendr\u00e1. El siguiente adversario es de mayores quilares que el que acaba de irse derrotado. Santa Fe trae varios t\u00edtulos a cuestas y querr\u00e1 hacer valer esas estrellas. Despu\u00e9s vendr\u00e1n los dem\u00e1s.<\/p>\n<p>Por ahora, queda el sabor dulce del triunfo. El tufo que hoy tienen los motilones es agradable, aunque no debe empalagarlos, porque solo se gan\u00f3 el primer partido, faltan 19 para cantar victoria.<\/p>\n<p><strong>RAFAEL ANTONIO PAB\u00d3N<\/strong><\/p>\n<p><strong><a href=\"mailto:rafaelpabon58@hotmail.com\">rafaelpabon58@hotmail.com<\/a><\/strong><\/p>\n<p><strong>Foto: <a href=\"http:\/\/www.contraluzcucuta.co\">www.contraluzcucuta.co<\/a><\/strong><\/p>\n<p>&nbsp; <\/p>\n","protected":false},"excerpt":{"rendered":"<p>C\u00daCUTA.- El valluno Carlos Betancur se llev\u00f3 el pito a la boca, levant\u00f3 los brazos y se\u00f1al\u00f3 el centro de la cancha. En ese momento la explosi\u00f3n de j\u00fabilo estremeci\u00f3 al General Santander y trascendi\u00f3 la frontera patria. Los 35.000 asistentes al estadio liberaron el grito de emoci\u00f3n que los ten\u00eda atragantados desde el minuto &hellip;<\/p>\n","protected":false},"author":1,"featured_media":23448,"comment_status":"open","ping_status":"open","sticky":false,"template":"","format":"standard","meta":{"footnotes":""},"categories":[28],"tags":[2025,192,301,2010],"class_list":["post-23447","post","type-post","status-publish","format-standard","has-post-thumbnail","hentry","category-vistazo-deportivo","tag-atletico-junior","tag-cucuta-deportivo","tag-futbol-profesional-colombiano","tag-liga-aguila"],"_links":{"self":[{"href":"https:\/\/contraluzcucuta.co\/index.php?rest_route=\/wp\/v2\/posts\/23447","targetHints":{"allow":["GET"]}}],"collection":[{"href":"https:\/\/contraluzcucuta.co\/index.php?rest_route=\/wp\/v2\/posts"}],"about":[{"href":"https:\/\/contraluzcucuta.co\/index.php?rest_route=\/wp\/v2\/types\/post"}],"author":[{"embeddable":true,"href":"https:\/\/contraluzcucuta.co\/index.php?rest_route=\/wp\/v2\/users\/1"}],"replies":[{"embeddable":true,"href":"https:\/\/contraluzcucuta.co\/index.php?rest_route=%2Fwp%2Fv2%2Fcomments&post=23447"}],"version-history":[{"count":1,"href":"https:\/\/contraluzcucuta.co\/index.php?rest_route=\/wp\/v2\/posts\/23447\/revisions"}],"predecessor-version":[{"id":23449,"href":"https:\/\/contraluzcucuta.co\/index.php?rest_route=\/wp\/v2\/posts\/23447\/revisions\/23449"}],"wp:featuredmedia":[{"embeddable":true,"href":"https:\/\/contraluzcucuta.co\/index.php?rest_route=\/wp\/v2\/media\/23448"}],"wp:attachment":[{"href":"https:\/\/contraluzcucuta.co\/index.php?rest_route=%2Fwp%2Fv2%2Fmedia&parent=23447"}],"wp:term":[{"taxonomy":"category","embeddable":true,"href":"https:\/\/contraluzcucuta.co\/index.php?rest_route=%2Fwp%2Fv2%2Fcategories&post=23447"},{"taxonomy":"post_tag","embeddable":true,"href":"https:\/\/contraluzcucuta.co\/index.php?rest_route=%2Fwp%2Fv2%2Ftags&post=23447"}],"curies":[{"name":"wp","href":"https:\/\/api.w.org\/{rel}","templated":true}]}}