{"id":23439,"date":"2015-01-31T11:14:46","date_gmt":"2015-01-31T16:14:46","guid":{"rendered":"http:\/\/contraluzcucuta.co\/?p=23439"},"modified":"2015-02-02T20:58:15","modified_gmt":"2015-02-03T01:58:15","slug":"parque-cucuta-300-anos-cucutenos-comienzan-a-apoderarse-del-lugar","status":"publish","type":"post","link":"https:\/\/contraluzcucuta.co\/?p=23439","title":{"rendered":"PARQUE C\u00daCUTA 300 A\u00d1OS. Cucute\u00f1os comienzan a apoderarse del lugar"},"content":{"rendered":"<p><strong>CUCUTA.-<\/strong> A medida que el sol llega a su ocaso y la noche irrumpe en la ciudad, poco a poco ni\u00f1os, j\u00f3venes, adultos y adultos mayores llegan a un nuevo espaci\u00f3 de atracci\u00f3n, el Parque C\u00facuta 300 a\u00f1os. El 12 de diciembre, se dio al servicio de la comunidad por el alcalde Donamaris Ram\u00edrez en el lugar donde por a\u00f1os funcion\u00f3 la f\u00e1brica de cervezas. El lote, luego de la demolici\u00f3n de las estructuras, se convirti\u00f3 en un hueco que caus\u00f3 innumerables problemas a los cucute\u00f1os.<\/p>\n<p>Del lugar oscuro e inseguro se pas\u00f3 al referente del sentido de pertenencia de los cucute\u00f1os. La inversi\u00f3n alcanz\u00f3 los $ 8000 millones, para entregar un nuevo atractivo tur\u00edstico a la ciudad. Ahora, se escuchan expresiones halagadoras, contrarias a las cr\u00edticas que por a\u00f1os rondaron a la manzana comprendida entre las avenidas primera y segunda y calles 8 y 9.<\/p>\n<p>\u201cComo est\u00e1 lindo. Es hermoso y estamos como en otras ciudades del mundo\u201d, dicen los visitantes al pasearse por el parque. El dise\u00f1o renueva y airea el paisaje urbano en el centro de la ciudad. Tiene un \u00e1rea de 16.000 metros cuadrados, de los cuales 6000 corresponden a las instalaciones hidr\u00e1ulicas y biosaludables, los 10.000 restantes est\u00e1n destinados a zonas verdes.<\/p>\n<p>No todas las fuentes est\u00e1n en funcionamiento. Por disposiciones t\u00e9cnicas para evitar la p\u00e9rdida de agua por acci\u00f3n de la brisa funcionan de manera regulada. Si alguien desea observar y disfrutar el espect\u00e1culo de luces que se conjuga con los chorros de agua en las fuentes con piscina y el t\u00fanel, puede hacerlo de 6:30 de la tarde a 9:00 de la noche.<\/p>\n<p>En las ma\u00f1anas, los residentes en el centro, el barrio Latino y la avenida Cero adoptan la rutina de hacer ejercicios en los aparatos biosaludables instalados. No debe existir temor por la calidad del agua, porque proviene del acueducto y es reutilizada. El proceso id\u00e9ntico al de una piscina y en el que se emplea cloro en la cantidad suficiente, que impide la reproducci\u00f3n del zancudo vector de dengue o el chicungunya.<\/p>\n<p>El cuidado permite que los cucute\u00f1os vayan al Parque C\u00facuta 300 a\u00f1os en ropas livianas y deportivas, mojarse a su antojo, guardar la compostura y aprovechar el mobiliario. La custodia est\u00e1 a cargo de vigilantes privados, reforzados por agentes de la polic\u00eda para garantizar la tranquilidad ciudadana.<\/p>\n<p>En 1930, se instal\u00f3 la f\u00e1brica de cerveza, que por la expansi\u00f3n y los niveles de producci\u00f3n gener\u00f3 conflictos con los vecinos. Los enfrentamientos se agudizaron en 1993, cuando se instal\u00f3 la caldera, que funcionaba con carb\u00f3n mineral. Esto propici\u00f3 la contaminaci\u00f3n del a\u00edre por el humo y el holl\u00edn que sal\u00eda de las chimeneas.<\/p>\n<p>Las autoridades ambientales solicitaron el traslado de la f\u00e1brica. La empresa obedeci\u00f3 la petici\u00f3n, en septiembre de 2001, y en cumplimiento del proceso de reorganizaci\u00f3n cerr\u00f3 la planta de C\u00facuta. Los terrenos fueron donados al municipio. Al ser demolidos los edificios de la cervecer\u00eda qued\u00f3 el hueco en el que se proyectaron diversas obras. Al final, gan\u00f3 la construcci\u00f3n del Parque C\u00facuta 300 a\u00f1os.<\/p>\n<p>Foto: PRENSA ALCALD\u00cdA DE C\u00daCUTA <\/p>\n","protected":false},"excerpt":{"rendered":"<p>CUCUTA.- A medida que el sol llega a su ocaso y la noche irrumpe en la ciudad, poco a poco ni\u00f1os, j\u00f3venes, adultos y adultos mayores llegan a un nuevo espaci\u00f3 de atracci\u00f3n, el Parque C\u00facuta 300 a\u00f1os. El 12 de diciembre, se dio al servicio de la comunidad por el alcalde Donamaris Ram\u00edrez en &hellip;<\/p>\n","protected":false},"author":1,"featured_media":23442,"comment_status":"open","ping_status":"open","sticky":false,"template":"","format":"standard","meta":{"footnotes":""},"categories":[541,36],"tags":[226,176,734],"class_list":["post-23439","post","type-post","status-publish","format-standard","has-post-thumbnail","hentry","category-ciudad","category-la-voz-del-pueblo","tag-alcaldia-de-cucuta","tag-donamaris-ramirez","tag-parque-cucuta-300-anos"],"_links":{"self":[{"href":"https:\/\/contraluzcucuta.co\/index.php?rest_route=\/wp\/v2\/posts\/23439","targetHints":{"allow":["GET"]}}],"collection":[{"href":"https:\/\/contraluzcucuta.co\/index.php?rest_route=\/wp\/v2\/posts"}],"about":[{"href":"https:\/\/contraluzcucuta.co\/index.php?rest_route=\/wp\/v2\/types\/post"}],"author":[{"embeddable":true,"href":"https:\/\/contraluzcucuta.co\/index.php?rest_route=\/wp\/v2\/users\/1"}],"replies":[{"embeddable":true,"href":"https:\/\/contraluzcucuta.co\/index.php?rest_route=%2Fwp%2Fv2%2Fcomments&post=23439"}],"version-history":[{"count":1,"href":"https:\/\/contraluzcucuta.co\/index.php?rest_route=\/wp\/v2\/posts\/23439\/revisions"}],"predecessor-version":[{"id":23440,"href":"https:\/\/contraluzcucuta.co\/index.php?rest_route=\/wp\/v2\/posts\/23439\/revisions\/23440"}],"wp:featuredmedia":[{"embeddable":true,"href":"https:\/\/contraluzcucuta.co\/index.php?rest_route=\/wp\/v2\/media\/23442"}],"wp:attachment":[{"href":"https:\/\/contraluzcucuta.co\/index.php?rest_route=%2Fwp%2Fv2%2Fmedia&parent=23439"}],"wp:term":[{"taxonomy":"category","embeddable":true,"href":"https:\/\/contraluzcucuta.co\/index.php?rest_route=%2Fwp%2Fv2%2Fcategories&post=23439"},{"taxonomy":"post_tag","embeddable":true,"href":"https:\/\/contraluzcucuta.co\/index.php?rest_route=%2Fwp%2Fv2%2Ftags&post=23439"}],"curies":[{"name":"wp","href":"https:\/\/api.w.org\/{rel}","templated":true}]}}