{"id":23436,"date":"2015-01-31T07:54:17","date_gmt":"2015-01-31T12:54:17","guid":{"rendered":"http:\/\/contraluzcucuta.co\/?p=23436"},"modified":"2015-02-01T23:19:12","modified_gmt":"2015-02-02T04:19:12","slug":"futbol-de-primera-cucuta-deportivo-a-comenzar-con-pie-derecho","status":"publish","type":"post","link":"https:\/\/contraluzcucuta.co\/?p=23436","title":{"rendered":"F\u00daTBOL DE PRIMERA. C\u00facuta Deportivo, a comenzar con pie derecho"},"content":{"rendered":"<p><strong>C\u00daCUTA.-<\/strong> Luego de amargarles la \u2018Noche Amarilla\u2019 a los seguidores del Barcelona (Ecuador), el C\u00facuta Deportivo inicia el recorrido por la Liga del f\u00fatbol profesional colombiano. Este domingo, ser\u00e1 el retorno a la primera categor\u00eda, luego de pasar un a\u00f1o como inquilino en la B. Los aficionados han puesto sus complacencias alrededor del once rojinegro y aguardan una decorosa presentaci\u00f3n en el campeonato.<\/p>\n<p>El estado General Santander se vestir\u00e1 de nuevo de fiesta para recibir a los motilones y marcarles la ruta hacia el cumplimiento de objetivos. La meta propuesta por directivos, cuerpo t\u00e9cnico y jugadores es meterse entre los ocho grandes. Las ilusiones de los seguidores est\u00e1n cifradas en ver un equipo ganador y en la disputa de los primeros puestos.<\/p>\n<p>La pretemporada y el cuadrangular jugado en Bogot\u00e1 para alcanzar la m\u00e1xima categor\u00eda dejaron buenas impresiones entre los hinchas. El seguimiento en esas dos etapas as\u00ed lo demostr\u00f3 y las camisetas rojinegras brillaron en el estadio Metropolitano de Techo como muestra del aprecio que se tiene por la instituci\u00f3n.<\/p>\n<p>Esta semana, los fan\u00e1ticos han dado se\u00f1ales de querer volver al estadio y se espera que el cupo (35.000 sillas) se complete. En las calles cucute\u00f1as se respira ambiente de f\u00fatbol y el optimismo rebosa entre hombres y mujeres que lucen con orgullo la casaca motilona. Los comentarios en los corrillos apuntan a la presencia masiva para recuperar el remoquete de \u2018la mejor afici\u00f3n del pa\u00eds\u2019.<\/p>\n<p>En el \u00faltimo a\u00f1o se disip\u00f3 esa animosidad por varias causas. Primero, la B no llama la atenci\u00f3n por los rivales de segunda categor\u00eda. Segundo, el club no mostr\u00f3 mayores contrataciones como para elevarlas a la condici\u00f3n de \u00eddolos. Tercero, la desconfianza en el presidente Jos\u00e9 Augusto Cadena fue evidente. Cuarto, los resultados en el torneo no daban para pensar en el ascenso. Quinto, a nadie le gusta perder la categor\u00eda y en C\u00facuta los recuerdos son tristes. Sexto, la desmotivaci\u00f3n general. Y todas las siguientes.<\/p>\n<p>De las tribunas desaparecieron los \u2018trapos\u2019 que identifican a las barras. Solo quedaron las banderas de aquellas que de verdad sienten los colores rojo y negro. Seguro, con los visitantes de primera l\u00ednea reaparecer\u00e1n los bombos, las trompetas, las luces de bengala, el humo (del bueno), los c\u00e1nticos, los gritos, los s\u00edmbolos patrios de otras naciones, las mujeres elegantes,\u00a0 las polic\u00edas bonitas y el perro de Roque.<\/p>\n<p>El cielo volver\u00e1 a iluminarse, este domingo en la noche y de aqu\u00ed en adelante todas las noches que el General Santander encienda las luces, para demostrarles a los colombianos c\u00f3mo se vive el f\u00fatbol en C\u00facuta y por qu\u00e9 el equipo de la frontera colombo-venezolana no puede ser de segunda categor\u00eda.<\/p>\n<p>Los partidarios madrugadores encontrar\u00e1n las puertas abiertas a partir de las 4:30 de la tarde. \u00a0Pasar\u00e1n los cordones de seguridad impuestos por la polic\u00eda y se acomodar\u00e1n en los grader\u00edos a su antojo. Los que prefieren llegar m\u00e1s tarde, tendr\u00e1n que hacer fila, desesperar por las requisas y sentarse en el espacio que queda entre un fumador y el borracho, en una esquina por donde salen y entran los vendedores de bofe, perros calientes, dulces, agua, gaseosa. Solo extra\u00f1ar\u00e1n la cerveza.<\/p>\n<p>Atl\u00e9tico Junior ser\u00e1 el encargado de medirle el aceite a la nueva maquinaria rojinegra. Rival de quilates, protagonista del campeonato, que traer\u00e1 las intenciones de arrebatarles los primeros puntos a los motilones. Los \u2018tiburones\u2019 vendr\u00e1n con la intenci\u00f3n de agarrar a mordiscos a los reci\u00e9n ascendidos. Seguro, tropezar\u00e1n con un adversario armado para triunfar en este semestre.<\/p>\n<p>La Comisi\u00f3n de Seguridad, Comodidad y Convivencia en el F\u00fatbol\u00a0 determin\u00f3 que en Oriental y Occidental se permitir\u00e1 el ingreso de aficionados a partir de los 7 a\u00f1os. Los ni\u00f1os deben ir acompa\u00f1ados de un adulto y presentar la boleta. En Norte y Sur, desde los 15. Se habilitar\u00e1n todas las\u00a0\u00a0 tribunas del estadio y se abrir\u00e1n 38 puertas.<\/p>\n<p>Por prevenci\u00f3n est\u00e1 prohibido el ingreso\u00a0 al estadio de embarazadas y ni\u00f1os menores \u00a0de 7 a\u00f1os. Los hinchas no podr\u00e1n entrar p\u00f3lvora, portar objetos corto punzantes ni armas blancas, llevar alcohol, pilas A y AA y chapas de correa. Los borrachos,\u00a0 o con evidencias de haber consumido sustancias psicotr\u00f3picas, no podr\u00e1n ingresar al estadio.<\/p>\n<p>La Comisi\u00f3n Arbitral Nacional de la Federaci\u00f3n Colombiana de F\u00fatbol design\u00f3 como \u00e1rbitros para el partido C\u00facuta \u2013 junior a Carlos Betancur (central \u2013 Valle); Paolo Ben\u00edtez (primer asistente \u2013 Santander), Johan Cometa (segundo asistente\u2013 Huila), Juli\u00e1n Mej\u00eda (emergente\u2013 Norte), Uriel Rey (asesor arbitral).<\/p>\n<p>La boletas \u00a0tiene los siguientes precios:<\/p>\n<p>Norte: $ 13.000<\/p>\n<p>Sur: $ 13.000<\/p>\n<p>Oriental alta:\u00a0 $ 24.000<\/p>\n<p>Oriental\u00a0 baja: $ 20.000<\/p>\n<p>Oriental ni\u00f1os: $ 5000<\/p>\n<p>Occidental alta: $ 45.000<\/p>\n<p>Occidental baja: $ 35.000<\/p>\n<p>Occidental ni\u00f1os: $ 10.000<\/p>\n<p>Visitante: $ 20.000.<\/p>\n<p><strong>RAFAEL ANTONIO PAB\u00d3N<\/strong><\/p>\n<p><strong>rafaelpabon58@hotmail.com<\/strong><\/p>\n<p><strong>Foto: www.contraluzcucuta.co<\/strong> <\/p>\n","protected":false},"excerpt":{"rendered":"<p>C\u00daCUTA.- Luego de amargarles la \u2018Noche Amarilla\u2019 a los seguidores del Barcelona (Ecuador), el C\u00facuta Deportivo inicia el recorrido por la Liga del f\u00fatbol profesional colombiano. Este domingo, ser\u00e1 el retorno a la primera categor\u00eda, luego de pasar un a\u00f1o como inquilino en la B. Los aficionados han puesto sus complacencias alrededor del once rojinegro &hellip;<\/p>\n","protected":false},"author":1,"featured_media":23437,"comment_status":"open","ping_status":"open","sticky":false,"template":"","format":"standard","meta":{"footnotes":""},"categories":[28],"tags":[192,301,2010],"class_list":["post-23436","post","type-post","status-publish","format-standard","has-post-thumbnail","hentry","category-vistazo-deportivo","tag-cucuta-deportivo","tag-futbol-profesional-colombiano","tag-liga-aguila"],"_links":{"self":[{"href":"https:\/\/contraluzcucuta.co\/index.php?rest_route=\/wp\/v2\/posts\/23436","targetHints":{"allow":["GET"]}}],"collection":[{"href":"https:\/\/contraluzcucuta.co\/index.php?rest_route=\/wp\/v2\/posts"}],"about":[{"href":"https:\/\/contraluzcucuta.co\/index.php?rest_route=\/wp\/v2\/types\/post"}],"author":[{"embeddable":true,"href":"https:\/\/contraluzcucuta.co\/index.php?rest_route=\/wp\/v2\/users\/1"}],"replies":[{"embeddable":true,"href":"https:\/\/contraluzcucuta.co\/index.php?rest_route=%2Fwp%2Fv2%2Fcomments&post=23436"}],"version-history":[{"count":1,"href":"https:\/\/contraluzcucuta.co\/index.php?rest_route=\/wp\/v2\/posts\/23436\/revisions"}],"predecessor-version":[{"id":23438,"href":"https:\/\/contraluzcucuta.co\/index.php?rest_route=\/wp\/v2\/posts\/23436\/revisions\/23438"}],"wp:featuredmedia":[{"embeddable":true,"href":"https:\/\/contraluzcucuta.co\/index.php?rest_route=\/wp\/v2\/media\/23437"}],"wp:attachment":[{"href":"https:\/\/contraluzcucuta.co\/index.php?rest_route=%2Fwp%2Fv2%2Fmedia&parent=23436"}],"wp:term":[{"taxonomy":"category","embeddable":true,"href":"https:\/\/contraluzcucuta.co\/index.php?rest_route=%2Fwp%2Fv2%2Fcategories&post=23436"},{"taxonomy":"post_tag","embeddable":true,"href":"https:\/\/contraluzcucuta.co\/index.php?rest_route=%2Fwp%2Fv2%2Ftags&post=23436"}],"curies":[{"name":"wp","href":"https:\/\/api.w.org\/{rel}","templated":true}]}}