{"id":23430,"date":"2015-01-30T15:15:53","date_gmt":"2015-01-30T20:15:53","guid":{"rendered":"http:\/\/contraluzcucuta.co\/?p=23430"},"modified":"2015-02-03T21:57:16","modified_gmt":"2015-02-04T02:57:16","slug":"desde-afuera-una-banderita-rojinegra-acompana-a-este-trabajador-social","status":"publish","type":"post","link":"https:\/\/contraluzcucuta.co\/?p=23430","title":{"rendered":"DESDE AFUERA. Una banderita rojinegra acompa\u00f1a a este trabajador social"},"content":{"rendered":"<p>El 21 de enero, es el d\u00eda que mayor emoci\u00f3n ha sentido Arnold Juli\u00e1n Bonilla al pensar en C\u00facuta, desde que se fue para Adelaida \u00a0(Australia). Esa fecha perdurar\u00e1 en la mente de este trabajador social cucute\u00f1o egresado de la Universidad Industrial de Santander, por una sencilla raz\u00f3n \u201c\u00a1regresamos a la A!\u201d.<\/p>\n<p>Es criado en el barrio Bel\u00e9n, donde pas\u00f3 esos buenos a\u00f1os de la infancia al lado de los padres. Prados del Norte, San Luis y Ceiba lo vieron crecer. El colegio Salesiano lo gradu\u00f3 como bachiller, en el 2000, momento en el que comenz\u00f3 a pensar en el futuro.<\/p>\n<p>\u201cCiencias humanas fue el camino elegido. En cierta medida se hab\u00eda construido un sentido social, desde pelado. Podr\u00eda decir ahora, despu\u00e9s de muchos a\u00f1os, que mi nona Hermelina tuvo mucho que ver en eso. Mirando en retrospectiva creo que es notoria su influencia\u201d. Quer\u00eda estudiar humanidades y al mismo tiempo ten\u00eda ganas de salir de casa a ver qu\u00e9 pasaba por fuera de lo que para ese entonces era el mundo.<\/p>\n<p>La UIS le abri\u00f3 las puertas de las aulas para estudiar trabajo social. No lo pens\u00f3 dos veces para aceptar la carta de admisi\u00f3n. \u201cBucaramanga fue el primer vividero que encontr\u00e9. Qu\u00e9 ciudad tan ch\u00e9vere para estudiar\u201d. Era barato, bonito y quedaba cerca de la casa (los viajes eran frecuentes, para lado y lado). All\u00e1, estableci\u00f3 la zona de confort durante 7 a\u00f1os, entre el 2001 y el 2008. \u201cQuiero a esa ciudad tambi\u00e9n\u201d.<\/p>\n<p>Luego, en el 2009, decidi\u00f3 mudarse a Bogot\u00e1, para seguir la preparaci\u00f3n profesional y empezar otra vida. El objetivo \u00a0se logr\u00f3 a cabalidad. Hoy, muestra agradecimiento para con la capital del pa\u00eds. A esa ciudad la lidi\u00f3, la conoci\u00f3, la recorri\u00f3 mientras pasaron 5 a\u00f1os de aprendizajes. El estar en Bogot\u00e1 le dio chance de viajar por Latinoam\u00e9rica, a veces por trabajo; otras, por pura diversi\u00f3n. Pasear se le convirti\u00f3 en pasi\u00f3n y lleg\u00f3 hasta Guatemala, Honduras, Nicaragua, Panam\u00e1, Cuba, Ecuador, Per\u00fa, Argentina, Uruguay, Brasil. Desde zonas rurales y urbanas escondidas y no tur\u00edsticas, hasta los sitios ic\u00f3nicos. \u201cVenezuela no cuenta, porque todo cucute\u00f1o ha estado en Venezuela al menos 10 veces en la vida. El que diga que no es cierto, no es cucute\u00f1o\u201d.<\/p>\n<p>Se cas\u00f3 en el 2011. \u201cPor suerte Karen es una buena copiloto, con el mismo bichito de conocer el mundo y tambi\u00e9n de descansar un poquito del ajetreo al que est\u00e1bamos acostumbrados en Bogot\u00e1\u201d. Decidieron buscar oportunidades en Australia. La profesi\u00f3n tiene demanda, solo faltaban los contactos para empezar esa nueva vida all\u00e1. Karen trabaja en una empresa de software y tecnolog\u00eda, y Arnold Juli\u00e1n ejerce como trabajador social en una ONG que brinda apoyo psicosocial a personas con discapacidades cognitivas. \u201cSe siente muy ch\u00e9vere que en cualquier pa\u00eds se puede hacer algo, por ayudar a construir otro mundo posible\u201d.<\/p>\n<p>Al sacar las cuentas, le dan 14 a\u00f1os fuera de C\u00facuta, aunque \u201cel acento sigue intacto, pa qu\u00e9\u201d. En cualquiera de las tierras que ha pisado extra\u00f1a la libertad de beberse una cerveza en un estanco, comerse un pastel de un calentador en cualquier esquina, observar la Avenida Los Faroles a las 7:00 de la noche, la favorita de las v\u00edas internas de la ciudad.<\/p>\n<p>Por fortuna, Australia tiene cientos de productos importados de Asia. Las latitudes de Vietnam, Camboya, Indonesia, Malasia y Filipinas (zonas tropicales) hacen que se compartan pl\u00e1tano, yuca, frijoles, garbanzos, maracuy\u00e1, etc\u00e9tera. En t\u00e9rminos culinarios ha tenido que sobrellevar la distancia con Colombia con habilidades aprendidas por el camino. Los pasteles de garbanzo, las hayacas en Navidad y la fritanga no han faltado en la mesa. Vendr\u00e1n el mute y el sancocho. \u201cEstamos tratando de hacerlo lo m\u00e1s cercano a la realidad de la calle cucute\u00f1a\u201d.<\/p>\n<p>A los 15 d\u00edas de haber llegado conoci\u00f3 a una cucute\u00f1a que ten\u00eda un negocio de comidas colombianas y latinas, importaba alimentos y los ofrec\u00eda a los locales. Luego de unos meses cerr\u00f3 y ahora solo atiende por internet. No hay muchos cucute\u00f1os en Adelaida, seguro porque les ser\u00eda dif\u00edcil vivir en esa ciudad donde\u00a0 el tr\u00e1fico es por el lado contrario de la calle, se respetan las normas de tr\u00e1nsito, no hay tanto avivado al volante, el sistema de trasporte est\u00e1 organizado, hay tren, tranv\u00eda y buses interconectados que recorren zonas urbanas de punta a punta.<\/p>\n<p>No es la ciudad m\u00e1s grande y agitada de Australia, y el ritmo de vida puede ser tranquilo. A veces, las tardes de verano son tal y como se viven en C\u00facuta. Otra diferencia enorme, es que esta ciudad queda en la costa. \u201cP\u00f3ngale mar a C\u00facuta y ver\u00e1 c\u00f3mo \u00a1todo cambia!\u201d.<\/p>\n<p>Si pudiera, se traer\u00eda para adaptar en C\u00facuta la escena cultural, teatro, cine, m\u00fasica, danza de todo tipo. Grupos comunitarios, de profesionales y de artistas internacionales hacen presencia cada a\u00f1o, durante un mes, para compartir en torno a la cultura. El festival se llama \u2018Adelaida Fringe\u2019.<\/p>\n<p>Adelaida tiene una oferta acad\u00e9mica que fortalece la econom\u00eda que surge alrededor de las universidades. Acomodaci\u00f3n, trasporte, alimentos y recreaci\u00f3n son sectores que se favorecen con las actividades acad\u00e9micas. Los grandes centros comerciales no son el desarrollo. Las universidades son la puerta real hacia cambios estructurales en la sociedad.<\/p>\n<p>Los momentos m\u00e1s dif\u00edciles durante la estad\u00eda en Australia est\u00e1n cifrados por el empezar de cero a conocer gente, nueva cultura y a darse a conocer en t\u00e9rminos profesionales, \u201csin palancas, sin ser el amigo de un amigo de alguien, abriendo camino. Solo ten\u00edamos ahorritos y sue\u00f1os en una maleta. La \u00fanica forma era persistir y todo dio sus frutos, por suerte\u201d.<\/p>\n<p>La otra cara de la moneda, la de los momentos felices, tambi\u00e9n ha sonre\u00eddo. Recibir el A\u00f1o Nuevo en Sydney fue una grata experiencia, por la majestuosidad de los fuegos pirot\u00e9cnicos. Fue el acto simb\u00f3lico para cerrar con una sonrisa el primer a\u00f1o vivido en Australia. \u201cTodav\u00eda no me ha llegado ese instante de querer devolverme\u201d.<\/p>\n<p>Es poco el tiempo trascurrido en ese pa\u00eds, est\u00e1 ama\u00f1ado y contento, a pesar de que\u00a0 el caf\u00e9 y la coca\u00edna son las dos palabras que vienen a la mente de los australianos, sin reparos. Los seguidores de los deportes conocen y renombran haza\u00f1as, como la actuaci\u00f3n del seleccionado en el Mundial de F\u00fatbol. Los interesados en m\u00fasica y cultura recuerdan grupos musicales, La 33, Toto la Momposina y Sidesteper.<\/p>\n<p>C\u00facuta no aparece en el mapa mental de los que ac\u00e1 viven. Bogot\u00e1 es la ciudad de mayor recordaci\u00f3n. Por eso, Arnold Juli\u00e1n ha trasmitido el calor cucute\u00f1o con comida y fiesta. Lleva 14 a\u00f1os por fuera, de los 30 cumplidos,\u00a0 y no sabe cu\u00e1ndo volver\u00e1 a casa. De lo que est\u00e1 seguro es que al regresar quisiera ver la capital de Norte de Santander \u201climpia, a\u00fan verde, con terminal de trasportes digno de una ciudad creciente, bien planeada y con taxistas usando el bendito tax\u00edmetro \u00a1por dios!\u201d.<\/p>\n<p>Hacer el comparativo entre los gobernantes de all\u00e1 y los de ac\u00e1 es \u00a0necesario. \u201cSolo voy a decir que ning\u00fan exalcalde de Adelaida est\u00e1 preso por tener v\u00ednculos con grupos al margen de la ley, y a\u00fan es adorado por la gente. Por ac\u00e1 no pasan \u2018ramiradas\u2019\u201d. De lo que ocurre en C\u00facuta se entera porque lee el peri\u00f3dico local en internet, por Twitter, por Facebook y por soyrojinegro.com. Le gusta estar enterado de los aspectos pol\u00edticos, el medio ambiente y el C\u00facuta Deportivo.<\/p>\n<p>Como distintivo rojinegro para identificarse como cucute\u00f1o luce la camiseta del C\u00facuta cuando jug\u00f3 la Copa Libertadores y que le regal\u00f3 el t\u00edo Jorge. \u201cUna banderita de escritorio rojinegra y una banderota de Colombia me acompa\u00f1an\u201d. La verdad verdadera es que cuando escucha la Billos o los Mel\u00f3dicos siente nostalgia de casa, de a\u00f1os viejos en el barrio Bel\u00e9n y de gente feliz con poquito.<\/p>\n<p>Desde los tiempos en Bogot\u00e1 toca instrumentos de percusi\u00f3n y en Adelaida consigui\u00f3 un grupo de samba. Es un ritual que espera mantener siempre. La goma se est\u00e1 volviendo seria y tienen presentaciones en eventos culturales, hasta el punto que en la calle los reconocen. \u201cMi otra alegr\u00eda es mi bicicleta, siempre hay nuevos caminos para andar\u201d.<\/p>\n<p>A diario se conecta con los familiares y al menos un comentario lee en un grupo de whatsapp. No faltan las videollamadas o llamadas telef\u00f3nicas con la mam\u00e1, \u00a0al menos una vez a la semana. Las 14 horas y media de diferencia aprendi\u00f3 a manejarlas, porque cuando va para el trabajo los familiares duermen en la placidez del calor cucute\u00f1o. \u201cAc\u00e1 es lunes en la ma\u00f1ana y all\u00e1 sigue siendo domingo. Duermo mientras mandan fotos en piscina, \u00a0ya me acostumbr\u00e9\u2026 A mi mam\u00e1, a veces, se le olvida y me llama tipo 2:00 de la ma\u00f1ana a echarme un chismecito\u2026 jeje\u201d.<\/p>\n<p><strong>RAFAEL ANTONIO PAB\u00d3N<\/strong><\/p>\n<p><a href=\"mailto:rafaelpabon58@hotmial.com\"><strong>rafaelpabon58@hotmial.com<\/strong><\/a><\/p>\n<p><strong>Foto: \u00c1LBUM PERSONAL<\/strong><\/p>\n<p>&nbsp; <\/p>\n","protected":false},"excerpt":{"rendered":"<p>El 21 de enero, es el d\u00eda que mayor emoci\u00f3n ha sentido Arnold Juli\u00e1n Bonilla al pensar en C\u00facuta, desde que se fue para Adelaida \u00a0(Australia). Esa fecha perdurar\u00e1 en la mente de este trabajador social cucute\u00f1o egresado de la Universidad Industrial de Santander, por una sencilla raz\u00f3n \u201c\u00a1regresamos a la A!\u201d. Es criado en &hellip;<\/p>\n","protected":false},"author":1,"featured_media":23431,"comment_status":"open","ping_status":"open","sticky":false,"template":"","format":"standard","meta":{"footnotes":""},"categories":[45,168],"tags":[2022,2021],"class_list":["post-23430","post","type-post","status-publish","format-standard","has-post-thumbnail","hentry","category-destacado","category-los-que-estan-afuera","tag-arnold-julian-bonilla","tag-cucutenos-por-el-mundo"],"_links":{"self":[{"href":"https:\/\/contraluzcucuta.co\/index.php?rest_route=\/wp\/v2\/posts\/23430","targetHints":{"allow":["GET"]}}],"collection":[{"href":"https:\/\/contraluzcucuta.co\/index.php?rest_route=\/wp\/v2\/posts"}],"about":[{"href":"https:\/\/contraluzcucuta.co\/index.php?rest_route=\/wp\/v2\/types\/post"}],"author":[{"embeddable":true,"href":"https:\/\/contraluzcucuta.co\/index.php?rest_route=\/wp\/v2\/users\/1"}],"replies":[{"embeddable":true,"href":"https:\/\/contraluzcucuta.co\/index.php?rest_route=%2Fwp%2Fv2%2Fcomments&post=23430"}],"version-history":[{"count":1,"href":"https:\/\/contraluzcucuta.co\/index.php?rest_route=\/wp\/v2\/posts\/23430\/revisions"}],"predecessor-version":[{"id":23432,"href":"https:\/\/contraluzcucuta.co\/index.php?rest_route=\/wp\/v2\/posts\/23430\/revisions\/23432"}],"wp:featuredmedia":[{"embeddable":true,"href":"https:\/\/contraluzcucuta.co\/index.php?rest_route=\/wp\/v2\/media\/23431"}],"wp:attachment":[{"href":"https:\/\/contraluzcucuta.co\/index.php?rest_route=%2Fwp%2Fv2%2Fmedia&parent=23430"}],"wp:term":[{"taxonomy":"category","embeddable":true,"href":"https:\/\/contraluzcucuta.co\/index.php?rest_route=%2Fwp%2Fv2%2Fcategories&post=23430"},{"taxonomy":"post_tag","embeddable":true,"href":"https:\/\/contraluzcucuta.co\/index.php?rest_route=%2Fwp%2Fv2%2Ftags&post=23430"}],"curies":[{"name":"wp","href":"https:\/\/api.w.org\/{rel}","templated":true}]}}