{"id":23425,"date":"2015-01-28T21:25:42","date_gmt":"2015-01-29T02:25:42","guid":{"rendered":"http:\/\/contraluzcucuta.co\/?p=23425"},"modified":"2015-01-31T13:18:13","modified_gmt":"2015-01-31T18:18:13","slug":"justicia-transicional-en-marcha-plan-para-prevenir-danos-de-minas-antipersonal","status":"publish","type":"post","link":"https:\/\/contraluzcucuta.co\/?p=23425","title":{"rendered":"JUSTICIA TRANSICIONAL. En marcha plan para prevenir da\u00f1os de minas antipersonal"},"content":{"rendered":"<p><strong>C\u00daCUTA.-<\/strong> Norte de Santander es el quinto departamentos de Colombia con mayor n\u00famero de v\u00edctimas por minas antipersonal. Entre 1990 y diciembre de 2014, ocurrieron 771 casos. \u00a0La estad\u00edstica la suministr\u00f3 la Direcci\u00f3n para la Acci\u00f3n Integral contra Minas Antipersonal\u00a0 del Departamento Administrativo de la Presidencia de la Republica.<\/p>\n<p>Desde el 2007, se ha dado un descenso en el n\u00famero de afectados por los artefactos explosivos. En 2014, el registro alcanz\u00f3 a las 277 v\u00edctimas. Sin embargo, han sucedido otros hechos relacionados con las minas:<\/p>\n<p>1.- Hallazgo de dep\u00f3sitos de minas<\/p>\n<p>2.- Explosiones que le quitan la vida a animales<\/p>\n<p>3.- Destrucci\u00f3n de infraestructuras educativas y policiales.<\/p>\n<p>Ahora las regiones deben prepararse para enfrentar el postconflicto. Por ser el 2015 a\u00f1o electoral, es necesario que las autoridades departamentales prioricen a las v\u00edctimas como actores y sujetos de derechos y\u00a0 adelanten un plan integral contra minas antipersonal de manera articulada.<\/p>\n<p>El secretario de Gobierno, Julio C\u00e9sar Silva, manifest\u00f3 que las entidades gubernamentales y no gubernamentales continuar\u00e1n con las tareas en procura de proporcionar a los ciudadanos mayor informaci\u00f3n para evitar incidentes por minas y munici\u00f3n sin explotar.<\/p>\n<p>\u201cEs de vital importancia que al finalizar febrero, contemos con una hoja de ruta que nos permita efectuar acciones inmediatas que le brinden a la poblaci\u00f3n de zonas urbanas la posibilidad de llevar a cabo las actividades cotidianas sin riesgo\u201d, dijo Silva Rinc\u00f3n.<\/p>\n<p>El Comit\u00e9 Departamental de Minas Antipersonal se reuni\u00f3 con el objetivo de crear la comisi\u00f3n que se encargue de elaborar el Plan de Acci\u00f3n que contemple las actividades para desarrollar en el 2015 en materia de atenci\u00f3n y prevenci\u00f3n de accidentes por minas antipersonal y munici\u00f3n sin explotar.<\/p>\n<p>A la primera sesi\u00f3n de trabajo asistieron el director nacional de la Campa\u00f1a Colombiana Contra Minas, \u00c1lvaro Jim\u00e9nez, y la asesora de la direcci\u00f3n para la Acci\u00f3n Integral contra Minas Antipersonal\u00a0 del Departamento Administrativo de la Presidencia de la Republica, Claudia Cardoso.<\/p>\n<p>Desde el Gobierno se tiene contemplado como acci\u00f3n especifica el desminado humanitario y para lograrlo se deben tener definidos puntos clave\u00a0 donde pueden estar enterrados los artefactos.<\/p>\n<p>En el encuentro participaron representantes de la poblaci\u00f3n v\u00edctima, comunidades ind\u00edgenas, Naciones Unidas, Defensor\u00eda del Pueblo, Cruz Roja, Instituto Colombiano de Bienestar Familiar y universidades Francisco de Paula Santander y de Pamplona.<\/p>\n<p>&nbsp; <\/p>\n","protected":false},"excerpt":{"rendered":"<p>C\u00daCUTA.- Norte de Santander es el quinto departamentos de Colombia con mayor n\u00famero de v\u00edctimas por minas antipersonal. Entre 1990 y diciembre de 2014, ocurrieron 771 casos. \u00a0La estad\u00edstica la suministr\u00f3 la Direcci\u00f3n para la Acci\u00f3n Integral contra Minas Antipersonal\u00a0 del Departamento Administrativo de la Presidencia de la Republica. Desde el 2007, se ha dado &hellip;<\/p>\n","protected":false},"author":1,"featured_media":23426,"comment_status":"open","ping_status":"open","sticky":false,"template":"","format":"standard","meta":{"footnotes":""},"categories":[5,32],"tags":[2020],"class_list":["post-23425","post","type-post","status-publish","format-standard","has-post-thumbnail","hentry","category-justicia-transicional","category-recorrido-por-la-region","tag-minas-antipersonal-en-norte-de-santander"],"_links":{"self":[{"href":"https:\/\/contraluzcucuta.co\/index.php?rest_route=\/wp\/v2\/posts\/23425","targetHints":{"allow":["GET"]}}],"collection":[{"href":"https:\/\/contraluzcucuta.co\/index.php?rest_route=\/wp\/v2\/posts"}],"about":[{"href":"https:\/\/contraluzcucuta.co\/index.php?rest_route=\/wp\/v2\/types\/post"}],"author":[{"embeddable":true,"href":"https:\/\/contraluzcucuta.co\/index.php?rest_route=\/wp\/v2\/users\/1"}],"replies":[{"embeddable":true,"href":"https:\/\/contraluzcucuta.co\/index.php?rest_route=%2Fwp%2Fv2%2Fcomments&post=23425"}],"version-history":[{"count":1,"href":"https:\/\/contraluzcucuta.co\/index.php?rest_route=\/wp\/v2\/posts\/23425\/revisions"}],"predecessor-version":[{"id":23427,"href":"https:\/\/contraluzcucuta.co\/index.php?rest_route=\/wp\/v2\/posts\/23425\/revisions\/23427"}],"wp:featuredmedia":[{"embeddable":true,"href":"https:\/\/contraluzcucuta.co\/index.php?rest_route=\/wp\/v2\/media\/23426"}],"wp:attachment":[{"href":"https:\/\/contraluzcucuta.co\/index.php?rest_route=%2Fwp%2Fv2%2Fmedia&parent=23425"}],"wp:term":[{"taxonomy":"category","embeddable":true,"href":"https:\/\/contraluzcucuta.co\/index.php?rest_route=%2Fwp%2Fv2%2Fcategories&post=23425"},{"taxonomy":"post_tag","embeddable":true,"href":"https:\/\/contraluzcucuta.co\/index.php?rest_route=%2Fwp%2Fv2%2Ftags&post=23425"}],"curies":[{"name":"wp","href":"https:\/\/api.w.org\/{rel}","templated":true}]}}