{"id":23422,"date":"2015-01-28T20:54:24","date_gmt":"2015-01-29T01:54:24","guid":{"rendered":"http:\/\/contraluzcucuta.co\/?p=23422"},"modified":"2015-01-31T11:53:33","modified_gmt":"2015-01-31T16:53:33","slug":"crisis-de-venezuela-diario-tal-cual-dejara-de-circular","status":"publish","type":"post","link":"https:\/\/contraluzcucuta.co\/?p=23422","title":{"rendered":"CRISIS DE VENEZUELA. Diario Tal Cual dejar\u00e1 de circular"},"content":{"rendered":"<p><strong>CARACAS.-<\/strong> El diario TalCual, propiedad de Teodoro Petkoff, anunci\u00f3 el 27 de enero que cerrar\u00e1 su edici\u00f3n diaria el 27 de febrero y tratar\u00e1 de proseguir como semanario, debido, entre otras razones, a un \u201cacoso sistem\u00e1tico del Gobierno\u201d del presidente Nicol\u00e1s Maduro y sus seguidores.<\/p>\n<p>El medio de comunicaci\u00f3n, creado hace 15 a\u00f1os, record\u00f3 que a lo largo de los tres lustros han recibido \u201csiete demandas judiciales, severo e injustificado escrutinio de entes\u00a0 como el de tributos, seguridad social y el Ministerio del Trabajo y\u00a0 acoso contra sus directivos desde diversas instancias gubernamentales\u201d.<\/p>\n<p>En el comunicado tambi\u00e9n indicaron que hay \u201cpresi\u00f3n sobre los anunciantes\u201d para no contratar publicidad en el peri\u00f3dico.<\/p>\n<p>Sobre la \u00faltima demanda judicial, por una supuesta difamaci\u00f3n contra el presidente de la Asamblea Nacional, Diosdado Cabello, el diario afirma que las autoridades judiciales dictaron prohibici\u00f3n de salida del pa\u00eds contra Petkoff y el resto de integrantes de la junta directiva.<\/p>\n<p>El asunto \u201cpuede acarrear una importante multa y penas de prisi\u00f3n\u201d, afirma el comunicado, adem\u00e1s de que el demandante logr\u00f3 que los acusados se presenten obligatoriamente cada semana en el tribunal de la causa.<\/p>\n<p>\u201cEste conjunto de hechos -prosigue- se une a la cr\u00edtica situaci\u00f3n por la que atraviesa la econom\u00eda del pa\u00eds, que impide el relanzamiento del diario\u201d que \u201cvive una situaci\u00f3n financiera dif\u00edcil, que no es posible subsanar\u201d.<\/p>\n<p>Venezuela ha experimentado la compra en los \u00faltimos meses de algunos medios de l\u00edneas editoriales cr\u00edticas con el Gobierno, como el hist\u00f3rico peri\u00f3dico El Universal, en operaciones de las que se desconocen los compradores.<\/p>\n<p>Despu\u00e9s de estas ventas y la del canal de televisi\u00f3n Globovisi\u00f3n, s\u00edmbolo de la oposici\u00f3n audiovisual contra Ch\u00e1vez, varios periodistas presentaron renuncia alegando censura a sus trabajos debido a presiones por parte del Ejecutivo de Maduro, lo cual siempre ha sido negado desde el Gobierno.<\/p>\n<p>Petkoff, excomunista y exguerrillero, fue ministro durante la segunda presidencia de Rafael Caldera (1996-1999), adem\u00e1s de candidato presidencial en dos ocasiones en los a\u00f1os 80.<\/p>\n<p>Estuvo a punto de presentarse como candidato de la oposici\u00f3n para concurrir frente a Hugo Ch\u00e1vez en las elecciones presidenciales de diciembre de 2006, aunque finalmente renunci\u00f3.<\/p>\n<p><strong>Fuente: Espacio P\u00fablico.<\/strong><\/p>\n<p><strong>V\u00eda: Prensa CNP Caracas.<\/strong><\/p>\n<p><strong>Foto: <\/strong><strong>\u00a0runrun.es<\/strong> <\/p>\n","protected":false},"excerpt":{"rendered":"<p>CARACAS.- El diario TalCual, propiedad de Teodoro Petkoff, anunci\u00f3 el 27 de enero que cerrar\u00e1 su edici\u00f3n diaria el 27 de febrero y tratar\u00e1 de proseguir como semanario, debido, entre otras razones, a un \u201cacoso sistem\u00e1tico del Gobierno\u201d del presidente Nicol\u00e1s Maduro y sus seguidores. El medio de comunicaci\u00f3n, creado hace 15 a\u00f1os, record\u00f3 que &hellip;<\/p>\n","protected":false},"author":1,"featured_media":23423,"comment_status":"open","ping_status":"open","sticky":false,"template":"","format":"standard","meta":{"footnotes":""},"categories":[1326,6],"tags":[1164,1705],"class_list":["post-23422","post","type-post","status-publish","format-standard","has-post-thumbnail","hentry","category-crisis-en-venezuela-2","category-ojo-avizor","tag-crisis-en-venezuela","tag-periodico-tal-cual"],"_links":{"self":[{"href":"https:\/\/contraluzcucuta.co\/index.php?rest_route=\/wp\/v2\/posts\/23422","targetHints":{"allow":["GET"]}}],"collection":[{"href":"https:\/\/contraluzcucuta.co\/index.php?rest_route=\/wp\/v2\/posts"}],"about":[{"href":"https:\/\/contraluzcucuta.co\/index.php?rest_route=\/wp\/v2\/types\/post"}],"author":[{"embeddable":true,"href":"https:\/\/contraluzcucuta.co\/index.php?rest_route=\/wp\/v2\/users\/1"}],"replies":[{"embeddable":true,"href":"https:\/\/contraluzcucuta.co\/index.php?rest_route=%2Fwp%2Fv2%2Fcomments&post=23422"}],"version-history":[{"count":1,"href":"https:\/\/contraluzcucuta.co\/index.php?rest_route=\/wp\/v2\/posts\/23422\/revisions"}],"predecessor-version":[{"id":23424,"href":"https:\/\/contraluzcucuta.co\/index.php?rest_route=\/wp\/v2\/posts\/23422\/revisions\/23424"}],"wp:featuredmedia":[{"embeddable":true,"href":"https:\/\/contraluzcucuta.co\/index.php?rest_route=\/wp\/v2\/media\/23423"}],"wp:attachment":[{"href":"https:\/\/contraluzcucuta.co\/index.php?rest_route=%2Fwp%2Fv2%2Fmedia&parent=23422"}],"wp:term":[{"taxonomy":"category","embeddable":true,"href":"https:\/\/contraluzcucuta.co\/index.php?rest_route=%2Fwp%2Fv2%2Fcategories&post=23422"},{"taxonomy":"post_tag","embeddable":true,"href":"https:\/\/contraluzcucuta.co\/index.php?rest_route=%2Fwp%2Fv2%2Ftags&post=23422"}],"curies":[{"name":"wp","href":"https:\/\/api.w.org\/{rel}","templated":true}]}}