{"id":23409,"date":"2015-01-27T20:33:26","date_gmt":"2015-01-28T01:33:26","guid":{"rendered":"http:\/\/contraluzcucuta.co\/?p=23409"},"modified":"2015-01-28T21:35:24","modified_gmt":"2015-01-29T02:35:24","slug":"analisis-en-las-puertas-de-la-paz","status":"publish","type":"post","link":"https:\/\/contraluzcucuta.co\/?p=23409","title":{"rendered":"AN\u00c1LISIS. En las puertas de la paz"},"content":{"rendered":"<p>Con sinceridad expres\u00e9 por Twitter al presidente Juan Manuel Santos y a la dirigencia de las Farc mi gratificaci\u00f3n y sentidas felicitaciones por la conducci\u00f3n acertada del complejo proceso de di\u00e1logo desarrollado en La\u00a0 Habana, con el cual le han manifestado a Colombia y al mundo que por fin estamos a las puertas de la paz. Quiero decirles que\u00a0 esta placentera sensaci\u00f3n no es solo m\u00eda, se expresa en\u00a0 la sociedad colombiana que ha visto pasar m\u00e1s de 50 a\u00f1os de guerra fratricida, que solo\u00a0 nos ha dejado violencia, muertes,\u00a0 viudez y orfandad, por doquier. El presidente Santos hace honor a su condici\u00f3n de marino, conduciendo \u2018contra viento y marea\u2019 en medio de mares procelosos, la delicada y fr\u00e1gil nave de la paz, con la vocaci\u00f3n de\u00a0 conducirla segura a feliz puerto, para beneficio de los colombianos.<\/p>\n<p>Por eso resulta incomprensible que exista un grupo\u00a0 de colombianos que sin la menor consideraci\u00f3n y compasi\u00f3n con nuestra atribulada naci\u00f3n haya decidido decretarle la\u00a0 guerra,\u00a0 sin cuartel, al cese bilateral del fuego\u00a0 y a la paz. Actitud\u00a0 comparable con expresiones de marcado deterioro \u00e9tico que hace recordar episodios de la pavorosa Guerra Civil Espa\u00f1ola,\u00a0 ocurridos en el paraninfo de\u00a0 la\u00a0 Universidad de Salamanca, regentada en esos neur\u00e1lgicos momentos por don Miguel de\u00a0 Unamuno, cuando en medio de la celebraci\u00f3n del D\u00eda de la Raza (hoy de\u00a0 la Hispanidad), 12 de octubre de 1936, el general del ej\u00e9rcito espa\u00f1ol Jos\u00e9 Millan-Astray y Terreros interrumpi\u00f3 la magistral intervenci\u00f3n del rector gritando: \u201cMuera la intelectualidad traidora. Viva la muerte\u201d. Unamuno respondi\u00f3 a ese necr\u00f3filo e insensato grito diciendo: \u201cEste\u00a0 es el templo de la inteligencia y yo soy el sumo sacerdote. Est\u00e1is profanando su sagrado recinto. Vencer\u00e9is, porque ten\u00e9is sobrada fuerza bruta. Pero no convencer\u00e9is. Para\u00a0 convencer hay\u00a0 que persuadir, y para persuadir necesitareis algo que os falta, raz\u00f3n y derecho en la lucha. Me parece in\u00fatil el pediros que pens\u00e9is en Espa\u00f1a. He\u00a0 dicho\u201d.<\/p>\n<p>Para el presidente Santos, el 2015 es el a\u00f1o para consolidar el proceso de paz\u00a0 y por\u00a0 esta raz\u00f3n les\u00a0 ha pedido a la sociedad colombiana y a los aliados pol\u00edticos que salgan y vayan por las regiones\u00a0 y los campos haciendo pedagog\u00eda y educaci\u00f3n acerca\u00a0 del contenido\u00a0 y avance de las negociaciones. Sabe que el escenario central del conflicto se encuentra en las zonas rurales y ser\u00e1 all\u00e1, precisamente, donde se deben concentrar los esfuerzos y hacer realidad la presencia de las pol\u00edticas de Estado que buscan satisfacer las necesidades por largo tiempo insatisfechas de la desfavorecida sociedad rural.\u00a0 Ser\u00e1 con los l\u00edderes de esas regiones,\u00a0 conocedores del dolor\u00a0 de la guerra y\u00a0 la violencia, con quienes lograr\u00e1 sacar\u00a0 adelante sus in\u00e9ditas y valientes propuestas de paz.<\/p>\n<p>Desde este \u00e1ngulo esperanzador, la convocatoria\u00a0 educativa debe hacerse a\u00a0 los distintos estamentos de\u00a0 la sociedad civil que son escuchados y tienen liderazgo en los grupos de poblaci\u00f3n que dirigen y a su vez, se sienten\u00a0 comprometidos con la\u00a0 tarea de\u00a0 ayudar a jalonar los Acuerdos de La Habana. El presidente Santos debe convocarlos como un poder renovador determinante para la superaci\u00f3n de la violencia. Es la hora para que en una decisi\u00f3n hist\u00f3rica convoque a las instituciones religiosas, universitarias y acad\u00e9micas, a maestros, empleados, trabajadores, estudiantes, empresarios y los comprometa en\u00a0 esta\u00a0 acci\u00f3n pedag\u00f3gica, que haga posible abrir de una vez y por todas las duras y oxidadas puertas\u00a0 que nos conduzcan al\u00a0 cambio social y a\u00a0 la paz.<\/p>\n<p>Est\u00e1 bien que el presidente Santos recurra la Iglesia cat\u00f3lica, con su santidad\u00a0 el papa Francisco que tan importante esfuerzo hizo en el mejoramiento y apertura\u00a0 de las rotas relaciones Cuba-Estados Unidos. Estamos\u00a0 seguros de que al ser convocada\u00a0 ayudar\u00e1 en nuestro proceso de paz por intermedio del presidente de la Conferencia\u00a0 Episcopal, monse\u00f1or Luis Augusto Castro. Tener al lado de la paz a los miles de sacerdotes que orientan a la\u00a0 grey colombiana,\u00a0 es contar con una inmensa legi\u00f3n\u00a0 de pedagogos que pueden explicar las profundas conveniencias y ventajas que\u00a0 para el mejoramiento social y humano traer\u00e1n los Acuerdos de La Habana a nuestro pa\u00eds.<\/p>\n<p>Del mismo modo, recurra a los partidos de la Unidad Nacional y al Partido Liberal donde militaron\u00a0 sus antepasados, con la certeza de que ser\u00e1 de muy buen recibo su convocatoria. La sociedad civil,\u00a0\u00a0 irradiada a lo largo y ancho de la naci\u00f3n, comprendiendo la dimensi\u00f3n social de los Acuerdos y\u00a0 de\u00a0 la implementaci\u00f3n de las nuevas concepciones de la pol\u00edtica de Estado en los temas econ\u00f3micos, pol\u00edticos y sociales, significar\u00e1\u00a0 un verdadero aporte\u00a0 in\u00e9dito a este\u00a0 proceso.<\/p>\n<p>Todo esto es lo que nos lleva a expresar alegr\u00eda y confianza al encontrarnos en las puertas de la paz,\u00a0 y queremos hacer un llamamiento fraternal a quienes persisten en actitudes esc\u00e9pticas y negativas, que es hora de decirnos entre todos, con fe y esperanza: \u201cVenga esa mano pa\u00eds\u201d.<\/p>\n<p><strong>ALONSO OJEDA AWAD<\/strong><\/p>\n<p><strong>Ex embajador de Colombia.<\/strong><\/p>\n<p><strong>Director programa Paz. Universidad Pedag\u00f3gica Nacional.<\/strong><\/p>\n<p><strong>Foto: <\/strong><a class=\"_ZR irc_hol\" style=\"font-weight: normal; color: #d6d6d6;\" href=\"https:\/\/www.google.com.co\/url?sa=i&amp;rct=j&amp;q=&amp;esrc=s&amp;source=images&amp;cd=&amp;cad=rja&amp;uact=8&amp;ved=0CAYQjB0&amp;url=http%3A%2F%2Fwww.lapatria.com%2Fpolitica%2Ffin-del-conflicto-armado-principal-reto-de-santos-111901&amp;ei=rzvIVPi9F4icNr-6gIAL&amp;bvm=bv.84607526,d.eXY&amp;psig=AFQjCNHnfU7Cv-dOyWoDVj8-TaCnxG_Ukw&amp;ust=1422495007536415\" data-ved=\"0CAYQjB0\" data-href=\"http:\/\/www.lapatria.com\/politica\/fin-del-conflicto-armado-principal-reto-de-santos-111901\"><span class=\"irc_ho\" dir=\"ltr\" style=\"color: #d6d6d6;\">www.lapatria.com<\/span><\/a> <\/p>\n","protected":false},"excerpt":{"rendered":"<p>Con sinceridad expres\u00e9 por Twitter al presidente Juan Manuel Santos y a la dirigencia de las Farc mi gratificaci\u00f3n y sentidas felicitaciones por la conducci\u00f3n acertada del complejo proceso de di\u00e1logo desarrollado en La\u00a0 Habana, con el cual le han manifestado a Colombia y al mundo que por fin estamos a las puertas de la &hellip;<\/p>\n","protected":false},"author":1,"featured_media":23410,"comment_status":"open","ping_status":"open","sticky":false,"template":"","format":"standard","meta":{"footnotes":""},"categories":[14,6],"tags":[1004,2017],"class_list":["post-23409","post","type-post","status-publish","format-standard","has-post-thumbnail","hentry","category-articulistas","category-ojo-avizor","tag-alonso-ojeda-awad","tag-dialogos-de-la-habana"],"_links":{"self":[{"href":"https:\/\/contraluzcucuta.co\/index.php?rest_route=\/wp\/v2\/posts\/23409","targetHints":{"allow":["GET"]}}],"collection":[{"href":"https:\/\/contraluzcucuta.co\/index.php?rest_route=\/wp\/v2\/posts"}],"about":[{"href":"https:\/\/contraluzcucuta.co\/index.php?rest_route=\/wp\/v2\/types\/post"}],"author":[{"embeddable":true,"href":"https:\/\/contraluzcucuta.co\/index.php?rest_route=\/wp\/v2\/users\/1"}],"replies":[{"embeddable":true,"href":"https:\/\/contraluzcucuta.co\/index.php?rest_route=%2Fwp%2Fv2%2Fcomments&post=23409"}],"version-history":[{"count":1,"href":"https:\/\/contraluzcucuta.co\/index.php?rest_route=\/wp\/v2\/posts\/23409\/revisions"}],"predecessor-version":[{"id":23411,"href":"https:\/\/contraluzcucuta.co\/index.php?rest_route=\/wp\/v2\/posts\/23409\/revisions\/23411"}],"wp:featuredmedia":[{"embeddable":true,"href":"https:\/\/contraluzcucuta.co\/index.php?rest_route=\/wp\/v2\/media\/23410"}],"wp:attachment":[{"href":"https:\/\/contraluzcucuta.co\/index.php?rest_route=%2Fwp%2Fv2%2Fmedia&parent=23409"}],"wp:term":[{"taxonomy":"category","embeddable":true,"href":"https:\/\/contraluzcucuta.co\/index.php?rest_route=%2Fwp%2Fv2%2Fcategories&post=23409"},{"taxonomy":"post_tag","embeddable":true,"href":"https:\/\/contraluzcucuta.co\/index.php?rest_route=%2Fwp%2Fv2%2Ftags&post=23409"}],"curies":[{"name":"wp","href":"https:\/\/api.w.org\/{rel}","templated":true}]}}