{"id":23403,"date":"2015-01-27T19:13:43","date_gmt":"2015-01-28T00:13:43","guid":{"rendered":"http:\/\/contraluzcucuta.co\/?p=23403"},"modified":"2015-01-28T20:45:35","modified_gmt":"2015-01-29T01:45:35","slug":"futbol-de-primera-cambia-calendario-del-cucuta-deportivo","status":"publish","type":"post","link":"https:\/\/contraluzcucuta.co\/?p=23403","title":{"rendered":"F\u00daTBOL DE PRIMERA. Cambia calendario del C\u00facuta Deportivo"},"content":{"rendered":"<p><strong>C\u00daCUTA.-<\/strong> La Dimayor cambi\u00f3 el calendario de partidos del C\u00facuta Deportivo para la Liga del f\u00fatbol profesional colombiano. Aunque el debut en la A se mantuvo para el primero de febrero, contra J\u00fanior, la segunda fecha vari\u00f3 de rival. No ser\u00e1 Millonarios el que visite al once rojinegro en el General Santander, sino el vecino de patio, Independiente Santa Fe.<\/p>\n<p>El cuadro motil\u00f3n emprende este mi\u00e9rcoles, a las 6:00 de la ma\u00f1ana, el viaje a Ecuador para enfrentar en Guayaquil al Barcelona Sporting Club. El juego amistoso se disputar\u00e1 en el estadio Monumental, en la noche Amarilla.<\/p>\n<p>El grupo de viajeros es el siguiente:<\/p>\n<p>1.- Jugadores. Sergio Avellaneda, Wilder Mosquera, David G\u00f3mez, Jhon Garc\u00eda, Luis Vergara, Diego Espinel, Jonathan Palacios, Alexis Ossa, Miguel P\u00e9rez, Franco Sosa, Miguel P\u00e9rez, Cristian Cang\u00e1, Gerardo Bedoya, Marcos Lazaga, Edwards Jim\u00e9nez, Andr\u00e9s Arboleda y Franco Del Giglio.<\/p>\n<p>2.- Cuerpo T\u00e9cnico. Jos\u00e9 Alberto Su\u00e1rez, David Su\u00e1rez, Carlos Andr\u00e9s Viveros, Diego Pe\u00f1aloza, Manuel S\u00e1nchez \u00a0y Edgar Cardona.<\/p>\n<p>Antes del viaje, los directivos dejaron definido el valor\u00a0 de la\u00a0 boleter\u00eda para los encuentros del primer semestre del 2015.<\/p>\n<p>1.- Norte: $ 13.000<\/p>\n<p>2.- Sur: $ 13.000<\/p>\n<p>3.- Oriental alta: $ 24.000<\/p>\n<p>4.- Oriental\u00a0 baja: $ 20.000<\/p>\n<p>5.- Oriental ni\u00f1os: $ 5000 (entre los 7 y 12 a\u00f1os)<\/p>\n<p>6.- Occidental alta: $ 45.000<\/p>\n<p>7.- Occidental baja: $ 35.000<\/p>\n<p>8.- Occidental ni\u00f1os: $ 10.000 (entre los 7 y 12 a\u00f1os)<\/p>\n<p>9.- Visitantes: $ 20.000<\/p>\n<p>El nuevo calendario del C\u00facuta Deportivo es el siguiente:<\/p>\n<p><strong>Fecha 1 (Febrero 1)<\/strong><\/p>\n<p>C\u00facuta-Junior<\/p>\n<p><strong>Fecha 2 (Febrero 8)<\/strong><\/p>\n<p>C\u00facuta- Santa Fe<\/p>\n<p><strong>Fecha 3 (Febrero 11)<\/strong><\/p>\n<p>Patriotas- C\u00facuta<\/p>\n<p><strong>Fecha 4 (Febrero 15)<\/strong><\/p>\n<p>Millonarios- C\u00facuta<\/p>\n<p><strong>Fecha 5 (Febrero 22)<\/strong><\/p>\n<p>C\u00facuta &#8211; Chic\u00f3<\/p>\n<p><strong>Fecha 6 (Febrero 25)<\/strong><\/p>\n<p>&nbsp;<\/p>\n<p>Cortulu\u00e1 &#8211; C\u00facuta<\/p>\n<p><strong>Fecha 7 (Marzo 1)<\/strong><\/p>\n<p>Huila &#8211; C\u00facuta<\/p>\n<p><strong>Fecha 8 (Marzo 8)<\/strong><\/p>\n<p>C\u00facuta \u2013 Cali<\/p>\n<p><strong>Fecha 9 (Marzo 11)<\/strong><\/p>\n<p>C\u00facuta &#8211; Tolima<\/p>\n<p><strong>Fecha 10 (Marzo 15)<\/strong><\/p>\n<p>Alianza Petrolera &#8211; C\u00facuta<\/p>\n<p><strong>Fecha 11 (Marzo 22)<\/strong><\/p>\n<p>C\u00facuta- Alianza Petrolera<\/p>\n<p><strong>Fecha 12 (Marzo 29)<\/strong><\/p>\n<p>C\u00facuta \u2013 Medell\u00edn<\/p>\n<p><strong>Fecha 13 (Abril 5)<\/strong><\/p>\n<p>Jaguares &#8211; C\u00facuta<\/p>\n<p><strong>Fecha 14 (Abril 8)<\/strong><\/p>\n<p>Uniaut\u00f3noma- \u00a0C\u00facuta<\/p>\n<p><strong>Fecha 15 (Abril 12)<\/strong><\/p>\n<p>C\u00facuta &#8211; Envigado<\/p>\n<p><strong>Fecha 16 (Abril 19)<\/strong><\/p>\n<p>C\u00facuta \u2013 Once Caldas<\/p>\n<p><strong>Fecha 17 (Abril 26)<\/strong><\/p>\n<p>Equidad &#8211; C\u00facuta<\/p>\n<p><strong>Fecha 18 (Mayo 3)<\/strong><\/p>\n<p>C\u00facuta \u2013 A. Pereira<\/p>\n<p><strong>Fecha 19 (Mayo 10)<\/strong><\/p>\n<p>Pasto &#8211; C\u00facuta<\/p>\n<p><strong>Fecha 20 (Mayo 17)<\/strong><\/p>\n<p>Nacional &#8211; C\u00facuta<\/p>\n<p>&nbsp; <\/p>\n","protected":false},"excerpt":{"rendered":"<p>C\u00daCUTA.- La Dimayor cambi\u00f3 el calendario de partidos del C\u00facuta Deportivo para la Liga del f\u00fatbol profesional colombiano. Aunque el debut en la A se mantuvo para el primero de febrero, contra J\u00fanior, la segunda fecha vari\u00f3 de rival. No ser\u00e1 Millonarios el que visite al once rojinegro en el General Santander, sino el vecino &hellip;<\/p>\n","protected":false},"author":1,"featured_media":23404,"comment_status":"open","ping_status":"open","sticky":false,"template":"","format":"standard","meta":{"footnotes":""},"categories":[28],"tags":[192,1396,301,2015,2010],"class_list":["post-23403","post","type-post","status-publish","format-standard","has-post-thumbnail","hentry","category-vistazo-deportivo","tag-cucuta-deportivo","tag-dimayor","tag-futbol-profesional-colombiano","tag-l","tag-liga-aguila"],"_links":{"self":[{"href":"https:\/\/contraluzcucuta.co\/index.php?rest_route=\/wp\/v2\/posts\/23403","targetHints":{"allow":["GET"]}}],"collection":[{"href":"https:\/\/contraluzcucuta.co\/index.php?rest_route=\/wp\/v2\/posts"}],"about":[{"href":"https:\/\/contraluzcucuta.co\/index.php?rest_route=\/wp\/v2\/types\/post"}],"author":[{"embeddable":true,"href":"https:\/\/contraluzcucuta.co\/index.php?rest_route=\/wp\/v2\/users\/1"}],"replies":[{"embeddable":true,"href":"https:\/\/contraluzcucuta.co\/index.php?rest_route=%2Fwp%2Fv2%2Fcomments&post=23403"}],"version-history":[{"count":1,"href":"https:\/\/contraluzcucuta.co\/index.php?rest_route=\/wp\/v2\/posts\/23403\/revisions"}],"predecessor-version":[{"id":23405,"href":"https:\/\/contraluzcucuta.co\/index.php?rest_route=\/wp\/v2\/posts\/23403\/revisions\/23405"}],"wp:featuredmedia":[{"embeddable":true,"href":"https:\/\/contraluzcucuta.co\/index.php?rest_route=\/wp\/v2\/media\/23404"}],"wp:attachment":[{"href":"https:\/\/contraluzcucuta.co\/index.php?rest_route=%2Fwp%2Fv2%2Fmedia&parent=23403"}],"wp:term":[{"taxonomy":"category","embeddable":true,"href":"https:\/\/contraluzcucuta.co\/index.php?rest_route=%2Fwp%2Fv2%2Fcategories&post=23403"},{"taxonomy":"post_tag","embeddable":true,"href":"https:\/\/contraluzcucuta.co\/index.php?rest_route=%2Fwp%2Fv2%2Ftags&post=23403"}],"curies":[{"name":"wp","href":"https:\/\/api.w.org\/{rel}","templated":true}]}}